{"id":4579,"date":"2025-01-09T02:44:06","date_gmt":"2025-01-09T02:44:06","guid":{"rendered":"https:\/\/lavozdesanesteban.cl\/?p=4579"},"modified":"2025-01-09T02:44:08","modified_gmt":"2025-01-09T02:44:08","slug":"el-futuro-de-santa-maria-se-construye-con-trabajo-vision-y-accion","status":"publish","type":"post","link":"https:\/\/lavozdesanesteban.cl\/index.php\/2025\/01\/09\/el-futuro-de-santa-maria-se-construye-con-trabajo-vision-y-accion\/","title":{"rendered":"El futuro de Santa Mar\u00eda se construye con trabajo, visi\u00f3n y acci\u00f3n."},"content":{"rendered":"\n<p><\/p>\n\n\n\n<p><strong><em>Alcalde de Santa Mar\u00eda anuncia su plan de desarrollo con cuatro ejes fundamentales<\/em><\/strong><\/p>\n\n\n\n<p>Seguridad, salud, turismo y vivienda ser\u00e1n las prioridades de la gesti\u00f3n municipal durante los pr\u00f3ximos a\u00f1os. El alcalde Claudio Zurita Ibarra reafirm\u00f3 su compromiso con la comunidad y destac\u00f3 el papel del Plan de Desarrollo Comunal (Pladeco) como gu\u00eda para la ejecuci\u00f3n de m\u00e1s de 200 acciones.<\/p>\n\n\n\n<p>En una entrevista realizada esta ma\u00f1ana, el alcalde de Santa Mar\u00eda anunci\u00f3 las prioridades de su gesti\u00f3n para los pr\u00f3ximos a\u00f1os, sustentadas en el Pladeco y estructuradas en cuatro ejes principales: seguridad, salud, turismo y vivienda. \u201cTal como dije en el cambio de mando, tenemos un Pladeco que nos gu\u00eda por los pr\u00f3ximos cuatro a\u00f1os, que tiene m\u00e1s de 200 acciones que hay que cumplir. Pero tenemos cuatro ejes fundamentales que van a ser transversales\u201d, destac\u00f3 el edil.<\/p>\n\n\n\n<p>El primer eje es la seguridad, una preocupaci\u00f3n creciente para la comuna. \u201cHoy d\u00eda es un tema muy complejo, un tema nacional, y Santa Mar\u00eda no puede estar ajena a eso. Estamos fortaleciendo nuestra oficina de seguridad con personas que van a estar trabajando en la calle, instalando c\u00e1maras de alta resoluci\u00f3n en puntos estrat\u00e9gicos y mejorando la iluminaci\u00f3n en \u00e1reas oscuras\u201d, explic\u00f3 el alcalde, enfatizando que estas acciones buscan educar a la comunidad y prevenir delitos.<\/p>\n\n\n\n<p>El segundo eje se centra en la salud. \u201cQueremos ampliar la cobertura de salud con dos hitos importantes: la construcci\u00f3n de la posta de Las Cabras y una cl\u00ednica m\u00f3vil que esperamos implementar los pr\u00f3ximos<a><\/a> a\u00f1os. Esto permitir\u00e1 acercar servicios m\u00e9dicos a los sectores m\u00e1s alejados de la comuna\u201d, detall\u00f3 la autoridad comunal.<\/p>\n\n\n\n<p>En tercer lugar, el alcalde abog\u00f3 por fomentar el turismo y el emprendimiento como motores de desarrollo econ\u00f3mico. \u201cSanta Mar\u00eda ha perdido cerca de 3.000 hect\u00e1reas productivas. Debemos buscar alternativas, y el turismo es una gran oportunidad. Queremos que nuestra comuna sea un destino amigable y atractivo, conectando con otras localidades para generar redes y proyectos conjuntos\u201d, afirm\u00f3.<\/p>\n\n\n\n<p>Finalmente, el cuarto eje se centra en la vivienda, un desaf\u00edo crucial para la comuna. \u201cHoy d\u00eda tenemos cuatro comit\u00e9s de larga data que llevan m\u00e1s de cinco o seis a\u00f1os esperando. Estamos trabajando para acelerar esos procesos y tambi\u00e9n para que los cuatro comit\u00e9s nuevos vean sus sue\u00f1os hechos realidad en los pr\u00f3ximos a\u00f1os\u201d, asegur\u00f3 el alcalde.<\/p>\n\n\n\n<p>El edil concluy\u00f3 reafirmando su compromiso con la comunidad. \u201cEstos cuatro ejes son nuestra prioridad, pero sin descuidar otras necesidades fundamentales como pavimentar calles, mejorar el acceso al agua potable y construir un nuevo gimnasio. Todo est\u00e1 en el Pladeco, y estamos confiados en que vamos a lograr grandes avances para Santa Mar\u00eda\u201d.<br>Vania Oyarz\u00fan L\u00f3pez<br>Periodista<br><\/p>\n","protected":false},"excerpt":{"rendered":"<p>Alcalde de Santa Mar\u00eda anuncia su plan de desarrollo con cuatro ejes fundamentales Seguridad, salud, turismo y vivienda ser\u00e1n las prioridades de la gesti\u00f3n municipal durante los pr\u00f3ximos a\u00f1os. El alcalde Claudio Zurita Ibarra reafirm\u00f3 su compromiso con la comunidad y destac\u00f3 el papel del Plan de Desarrollo Comunal (Pladeco) como gu\u00eda para la ejecuci\u00f3n &hellip;<\/p>\n","protected":false},"author":2,"featured_media":4580,"comment_status":"open","ping_status":"open","sticky":false,"template":"","format":"standard","meta":{"spay_email":""},"categories":[7],"tags":[8],"jetpack_featured_media_url":"https:\/\/lavozdesanesteban.cl\/wp-content\/uploads\/2025\/01\/Juramento-alcalde-Claudio-Zurita-Ibarra.jpg","_links":{"self":[{"href":"https:\/\/lavozdesanesteban.cl\/index.php\/wp-json\/wp\/v2\/posts\/4579"}],"collection":[{"href":"https:\/\/lavozdesanesteban.cl\/index.php\/wp-json\/wp\/v2\/posts"}],"about":[{"href":"https:\/\/lavozdesanesteban.cl\/index.php\/wp-json\/wp\/v2\/types\/post"}],"author":[{"embeddable":true,"href":"https:\/\/lavozdesanesteban.cl\/index.php\/wp-json\/wp\/v2\/users\/2"}],"replies":[{"embeddable":true,"href":"https:\/\/lavozdesanesteban.cl\/index.php\/wp-json\/wp\/v2\/comments?post=4579"}],"version-history":[{"count":1,"href":"https:\/\/lavozdesanesteban.cl\/index.php\/wp-json\/wp\/v2\/posts\/4579\/revisions"}],"predecessor-version":[{"id":4581,"href":"https:\/\/lavozdesanesteban.cl\/index.php\/wp-json\/wp\/v2\/posts\/4579\/revisions\/4581"}],"wp:featuredmedia":[{"embeddable":true,"href":"https:\/\/lavozdesanesteban.cl\/index.php\/wp-json\/wp\/v2\/media\/4580"}],"wp:attachment":[{"href":"https:\/\/lavozdesanesteban.cl\/index.php\/wp-json\/wp\/v2\/media?parent=4579"}],"wp:term":[{"taxonomy":"category","embeddable":true,"href":"https:\/\/lavozdesanesteban.cl\/index.php\/wp-json\/wp\/v2\/categories?post=4579"},{"taxonomy":"post_tag","embeddable":true,"href":"https:\/\/lavozdesanesteban.cl\/index.php\/wp-json\/wp\/v2\/tags?post=4579"}],"curies":[{"name":"wp","href":"https:\/\/api.w.org\/{rel}","templated":true}]}}