{"id":4582,"date":"2025-01-09T02:47:39","date_gmt":"2025-01-09T02:47:39","guid":{"rendered":"https:\/\/lavozdesanesteban.cl\/?p=4582"},"modified":"2025-01-09T02:47:41","modified_gmt":"2025-01-09T02:47:41","slug":"alcalde-de-los-andes-y-concejo-municipal-reconocen-a-puntajes-nacionales-paes","status":"publish","type":"post","link":"https:\/\/lavozdesanesteban.cl\/index.php\/2025\/01\/09\/alcalde-de-los-andes-y-concejo-municipal-reconocen-a-puntajes-nacionales-paes\/","title":{"rendered":"Alcalde de Los Andes y Concejo Municipal reconocen a puntajes nacionales PAES"},"content":{"rendered":"\n<p><\/p>\n\n\n\n<p>En el inicio de la sesi\u00f3n de concejo de este mi\u00e9rcoles 8 de enero, el alcalde Manuel Rivera, junto al Concejo Municipal, realiz\u00f3 un emotivo reconocimiento a cuatro estudiantes de la comuna que destacaron con sus extraordinarios puntajes en la Prueba de Acceso a la Educaci\u00f3n Superior (PAES) rendida en 2024.<\/p>\n\n\n\n<p>En una ceremonia cargada de orgullo y alegr\u00eda, se destac\u00f3 a Ana\u00eds Venegas, egresada del Liceo Bicentenario T\u00e9cnico Amancay, y a los exalumnos del Colegio Marista: Renzo Veloso, Pablo Aguirre, Mateo Vergara y Vicente P\u00e9rez. El evento cont\u00f3 con la presencia de familiares, profesores y directores de los establecimientos educacionales, quienes acompa\u00f1aron a los estudiantes en este significativo momento.<\/p>\n\n\n\n<p>El alcalde Manuel Rivera expres\u00f3 su entusiasmo y orgullo por los logros de los estudiantes: \u201cEstamos muy orgullosos como comunidad de Los Andes: cinco estudiantes de colegios locales lograron puntajes nacionales, destacando la calidad educativa y el apoyo que reciben nuestros j\u00f3venes. Este logro reafirma el prestigio de nuestra ciudad en excelencia acad\u00e9mica\u201d.<\/p>\n\n\n\n<p>Entre los reconocidos, Ana\u00eds Venegas comparti\u00f3 su experiencia como egresada de un establecimiento de educaci\u00f3n t\u00e9cnico-profesional: \u201cMe prepar\u00e9 intensamente desde tercero medio con preuniversitario y estudio aut\u00f3nomo, recibiendo gran apoyo de profesores que motivan, especialmente en t\u00e9cnico profesional, donde el enfoque es distinto. Estoy feliz con mis resultados, destacando la importancia de cuidar el NEM y recomendar\u00eda prepararse gradualmente desde tercero y de lleno en cuarto\u201d.<\/p>\n\n\n\n<p>Por su parte, Renzo Veloso, quien logr\u00f3 el m\u00e1ximo puntaje de 1.000 en Matem\u00e1ticas, coment\u00f3: \u201cCuando me avisaron no lo pod\u00eda creer, fue pura felicidad y sorpresa. Aunque esperaba buenos resultados, superar mis expectativas fue una alegr\u00eda enorme. La preparaci\u00f3n en el colegio fue clave, y ahora estoy decidido: ya postul\u00e9 a Medicina en la Universidad Cat\u00f3lica\u201d.<\/p>\n\n\n\n<p>El reconocimiento de estos estudiantes pone en valor el esfuerzo individual y colectivo, adem\u00e1s de resaltar la importancia del apoyo familiar y educativo en el camino hacia la excelencia acad\u00e9mica.<\/p>\n","protected":false},"excerpt":{"rendered":"<p>En el inicio de la sesi\u00f3n de concejo de este mi\u00e9rcoles 8 de enero, el alcalde Manuel Rivera, junto al Concejo Municipal, realiz\u00f3 un emotivo reconocimiento a cuatro estudiantes de la comuna que destacaron con sus extraordinarios puntajes en la Prueba de Acceso a la Educaci\u00f3n Superior (PAES) rendida en 2024. En una ceremonia cargada &hellip;<\/p>\n","protected":false},"author":2,"featured_media":4583,"comment_status":"open","ping_status":"open","sticky":false,"template":"","format":"standard","meta":{"spay_email":""},"categories":[7],"tags":[8],"jetpack_featured_media_url":"https:\/\/lavozdesanesteban.cl\/wp-content\/uploads\/2025\/01\/PUNTAJES.jpeg","_links":{"self":[{"href":"https:\/\/lavozdesanesteban.cl\/index.php\/wp-json\/wp\/v2\/posts\/4582"}],"collection":[{"href":"https:\/\/lavozdesanesteban.cl\/index.php\/wp-json\/wp\/v2\/posts"}],"about":[{"href":"https:\/\/lavozdesanesteban.cl\/index.php\/wp-json\/wp\/v2\/types\/post"}],"author":[{"embeddable":true,"href":"https:\/\/lavozdesanesteban.cl\/index.php\/wp-json\/wp\/v2\/users\/2"}],"replies":[{"embeddable":true,"href":"https:\/\/lavozdesanesteban.cl\/index.php\/wp-json\/wp\/v2\/comments?post=4582"}],"version-history":[{"count":1,"href":"https:\/\/lavozdesanesteban.cl\/index.php\/wp-json\/wp\/v2\/posts\/4582\/revisions"}],"predecessor-version":[{"id":4584,"href":"https:\/\/lavozdesanesteban.cl\/index.php\/wp-json\/wp\/v2\/posts\/4582\/revisions\/4584"}],"wp:featuredmedia":[{"embeddable":true,"href":"https:\/\/lavozdesanesteban.cl\/index.php\/wp-json\/wp\/v2\/media\/4583"}],"wp:attachment":[{"href":"https:\/\/lavozdesanesteban.cl\/index.php\/wp-json\/wp\/v2\/media?parent=4582"}],"wp:term":[{"taxonomy":"category","embeddable":true,"href":"https:\/\/lavozdesanesteban.cl\/index.php\/wp-json\/wp\/v2\/categories?post=4582"},{"taxonomy":"post_tag","embeddable":true,"href":"https:\/\/lavozdesanesteban.cl\/index.php\/wp-json\/wp\/v2\/tags?post=4582"}],"curies":[{"name":"wp","href":"https:\/\/api.w.org\/{rel}","templated":true}]}}