{"id":4585,"date":"2025-01-09T02:50:35","date_gmt":"2025-01-09T02:50:35","guid":{"rendered":"https:\/\/lavozdesanesteban.cl\/?p=4585"},"modified":"2025-01-09T02:50:38","modified_gmt":"2025-01-09T02:50:38","slug":"gobernador-rodrigo-mundaca-destaca-el-100-de-ejecucion-presupuestaria-del-gobierno-regional-de-valparaiso-en-2024","status":"publish","type":"post","link":"https:\/\/lavozdesanesteban.cl\/index.php\/2025\/01\/09\/gobernador-rodrigo-mundaca-destaca-el-100-de-ejecucion-presupuestaria-del-gobierno-regional-de-valparaiso-en-2024\/","title":{"rendered":"Gobernador Rodrigo Mundaca destaca el 100% de ejecuci\u00f3n presupuestaria del Gobierno Regional de Valpara\u00edso en 2024"},"content":{"rendered":"\n<p><\/p>\n\n\n\n<ul><li>Por cuarto a\u00f1o consecutivo el GORE cumpli\u00f3 con la totalidad de su presupuesto, invirtiendo todos los recursos en la regi\u00f3n. <strong><\/strong><\/li><\/ul>\n\n\n\n<p>El Gobernador Regional de Valpara\u00edso, Rodrigo Mundaca, anunci\u00f3 esta jornada el cumplimiento del 100% de la ejecuci\u00f3n presupuestaria del Gobierno Regional (GORE) para el a\u00f1o 2024, destacando -al cierre de su primer periodo al frente del GORE- haber alcanzado la total ejecuci\u00f3n de los recursos durante sus cuatro a\u00f1os consecutivos de gesti\u00f3n, invirtiendo as\u00ed el presupuesto de forma \u00edntegra en la regi\u00f3n.<\/p>\n\n\n\n<p>La m\u00e1xima autoridad regional indic\u00f3 que, tras el cierre de los marcos presupuestarios durante los primeros d\u00edas del a\u00f1o siguiente, se lleg\u00f3 a un total de la inversi\u00f3n, dando cuenta del trabajo realizado desde el Gobierno Regional y el Consejo Regional para avanzar en iniciativas priorizadas que vayan en pos del desarrollo y de mejorar la calidad de vida de las y los vecinos de la Regi\u00f3n de Valpara\u00edso. El <strong>Gobernador Regional de Valpara\u00edso, Rodrigo Mundaca<\/strong>, se\u00f1al\u00f3 al respecto que \u201cPor cuarto a\u00f1o consecutivo hemos tenido 100% de ejecuci\u00f3n presupuestaria y eso da cuenta de la capacidad que hemos tenido y demostrado de dejar todos los recursos, anidados en el Fondo Nacional de Desarrollo Regional, en el territorio, en la regi\u00f3n. Estamos satisfechos del trabajo realizado y estamos satisfechos tambi\u00e9n del uso y buen uso de los recursos p\u00fablicos que administra el Gobierno Regional de Valpara\u00edso<\/p>\n","protected":false},"excerpt":{"rendered":"<p>Por cuarto a\u00f1o consecutivo el GORE cumpli\u00f3 con la totalidad de su presupuesto, invirtiendo todos los recursos en la regi\u00f3n. El Gobernador Regional de Valpara\u00edso, Rodrigo Mundaca, anunci\u00f3 esta jornada el cumplimiento del 100% de la ejecuci\u00f3n presupuestaria del Gobierno Regional (GORE) para el a\u00f1o 2024, destacando -al cierre de su primer periodo al frente &hellip;<\/p>\n","protected":false},"author":2,"featured_media":4586,"comment_status":"open","ping_status":"open","sticky":false,"template":"","format":"standard","meta":{"spay_email":""},"categories":[5],"tags":[8],"jetpack_featured_media_url":"https:\/\/lavozdesanesteban.cl\/wp-content\/uploads\/2025\/01\/PRESUPUESTO.jpg","_links":{"self":[{"href":"https:\/\/lavozdesanesteban.cl\/index.php\/wp-json\/wp\/v2\/posts\/4585"}],"collection":[{"href":"https:\/\/lavozdesanesteban.cl\/index.php\/wp-json\/wp\/v2\/posts"}],"about":[{"href":"https:\/\/lavozdesanesteban.cl\/index.php\/wp-json\/wp\/v2\/types\/post"}],"author":[{"embeddable":true,"href":"https:\/\/lavozdesanesteban.cl\/index.php\/wp-json\/wp\/v2\/users\/2"}],"replies":[{"embeddable":true,"href":"https:\/\/lavozdesanesteban.cl\/index.php\/wp-json\/wp\/v2\/comments?post=4585"}],"version-history":[{"count":1,"href":"https:\/\/lavozdesanesteban.cl\/index.php\/wp-json\/wp\/v2\/posts\/4585\/revisions"}],"predecessor-version":[{"id":4587,"href":"https:\/\/lavozdesanesteban.cl\/index.php\/wp-json\/wp\/v2\/posts\/4585\/revisions\/4587"}],"wp:featuredmedia":[{"embeddable":true,"href":"https:\/\/lavozdesanesteban.cl\/index.php\/wp-json\/wp\/v2\/media\/4586"}],"wp:attachment":[{"href":"https:\/\/lavozdesanesteban.cl\/index.php\/wp-json\/wp\/v2\/media?parent=4585"}],"wp:term":[{"taxonomy":"category","embeddable":true,"href":"https:\/\/lavozdesanesteban.cl\/index.php\/wp-json\/wp\/v2\/categories?post=4585"},{"taxonomy":"post_tag","embeddable":true,"href":"https:\/\/lavozdesanesteban.cl\/index.php\/wp-json\/wp\/v2\/tags?post=4585"}],"curies":[{"name":"wp","href":"https:\/\/api.w.org\/{rel}","templated":true}]}}