{"id":4588,"date":"2025-01-09T02:58:44","date_gmt":"2025-01-09T02:58:44","guid":{"rendered":"https:\/\/lavozdesanesteban.cl\/?p=4588"},"modified":"2025-01-09T02:58:45","modified_gmt":"2025-01-09T02:58:45","slug":"destacada-escritora-patricia-cerda-presento-su-libro-homenaje-a-gabriela-mistral","status":"publish","type":"post","link":"https:\/\/lavozdesanesteban.cl\/index.php\/2025\/01\/09\/destacada-escritora-patricia-cerda-presento-su-libro-homenaje-a-gabriela-mistral\/","title":{"rendered":"Destacada escritora Patricia Cerda present\u00f3 su libro homenaje a Gabriela Mistral"},"content":{"rendered":"\n<p><\/p>\n\n\n\n<p><em>En el Centro Cultural de Los Andes present\u00f3 su novela Lucila, un retrato de Gabriela Mistral, en el marco de su 80\u00b0 aniversario del Premio Nobel.<\/em><\/p>\n\n\n\n<p>El Centro Cultural de Los Andes fue el escenario para la presentaci\u00f3n de Lucila, la \u00faltima novela de la destacada escritora nacional Patricia Cerda. Moderado por la escritora local Piera Tacchini, el evento reuni\u00f3 a un p\u00fablico entusiasta de la literatura.<\/p>\n\n\n\n<p>Camila Bustos, subdirectora de Cultura, Turismo y Patrimonio, destac\u00f3 la importancia de este evento como parte de los homenajes que se realizar\u00e1n conmemoraci\u00f3n de los 80 a\u00f1os del Premio Nobel de Gabriela Mistral.<\/p>\n\n\n\n<p>Bustos expres\u00f3: \u201cEstamos muy contentos de recibir hoy a Patricia Cerda, la escritora del libro Lucila y de muchos otros libros. Este es un hito, ya que durante este a\u00f1o vamos a comenzar a hablar sobre la figura de Gabriela Mistral, un libro que es muy interesante y que espero que todos se animen a leer. Lucila nos muestra una faceta \u00fanica de Gabriela Mistral, en su \u00faltimo viaje a Chile, cuando vino a despedirse de su tierra.\u201d<\/p>\n\n\n\n<p>Patricia Cerda, comparti\u00f3 con el p\u00fablico sobre su novela: \u00abFue maravilloso regresar a Los Andes, donde conoc\u00ed la casa donde vivi\u00f3 Gabriela Mistral. Pas\u00e9 por el patio donde escribi\u00f3 Los Sonetos de la Muerte, y esas impresiones fluyeron en mi novela, que ahora presento aqu\u00ed, cerrando un c\u00edrculo\u00bb, coment\u00f3 Cerda.<\/p>\n\n\n\n<p>La autora, quien es doctora en Historia y ha destacado por su trabajo en la recuperaci\u00f3n de la memoria hist\u00f3rica de Chile, explic\u00f3 que su libro no solo aborda el \u00faltimo viaje de Mistral a Chile, sino tambi\u00e9n su vida, su relaci\u00f3n con Pedro Aguirre Cerda y su obra literaria. La obra se suma a la amplia trayectoria de Cerda, autora de otras novelas hist\u00f3ricas que han sido muy bien recibidas, como Mestiza y Violeta y Nicanor.<\/p>\n","protected":false},"excerpt":{"rendered":"<p>En el Centro Cultural de Los Andes present\u00f3 su novela Lucila, un retrato de Gabriela Mistral, en el marco de su 80\u00b0 aniversario del Premio Nobel. El Centro Cultural de Los Andes fue el escenario para la presentaci\u00f3n de Lucila, la \u00faltima novela de la destacada escritora nacional Patricia Cerda. Moderado por la escritora local &hellip;<\/p>\n","protected":false},"author":2,"featured_media":4589,"comment_status":"open","ping_status":"open","sticky":false,"template":"","format":"standard","meta":{"spay_email":""},"categories":[7],"tags":[8],"jetpack_featured_media_url":"https:\/\/lavozdesanesteban.cl\/wp-content\/uploads\/2025\/01\/LIBRO.jpg","_links":{"self":[{"href":"https:\/\/lavozdesanesteban.cl\/index.php\/wp-json\/wp\/v2\/posts\/4588"}],"collection":[{"href":"https:\/\/lavozdesanesteban.cl\/index.php\/wp-json\/wp\/v2\/posts"}],"about":[{"href":"https:\/\/lavozdesanesteban.cl\/index.php\/wp-json\/wp\/v2\/types\/post"}],"author":[{"embeddable":true,"href":"https:\/\/lavozdesanesteban.cl\/index.php\/wp-json\/wp\/v2\/users\/2"}],"replies":[{"embeddable":true,"href":"https:\/\/lavozdesanesteban.cl\/index.php\/wp-json\/wp\/v2\/comments?post=4588"}],"version-history":[{"count":1,"href":"https:\/\/lavozdesanesteban.cl\/index.php\/wp-json\/wp\/v2\/posts\/4588\/revisions"}],"predecessor-version":[{"id":4590,"href":"https:\/\/lavozdesanesteban.cl\/index.php\/wp-json\/wp\/v2\/posts\/4588\/revisions\/4590"}],"wp:featuredmedia":[{"embeddable":true,"href":"https:\/\/lavozdesanesteban.cl\/index.php\/wp-json\/wp\/v2\/media\/4589"}],"wp:attachment":[{"href":"https:\/\/lavozdesanesteban.cl\/index.php\/wp-json\/wp\/v2\/media?parent=4588"}],"wp:term":[{"taxonomy":"category","embeddable":true,"href":"https:\/\/lavozdesanesteban.cl\/index.php\/wp-json\/wp\/v2\/categories?post=4588"},{"taxonomy":"post_tag","embeddable":true,"href":"https:\/\/lavozdesanesteban.cl\/index.php\/wp-json\/wp\/v2\/tags?post=4588"}],"curies":[{"name":"wp","href":"https:\/\/api.w.org\/{rel}","templated":true}]}}