{"id":4591,"date":"2025-01-09T03:02:18","date_gmt":"2025-01-09T03:02:18","guid":{"rendered":"https:\/\/lavozdesanesteban.cl\/?p=4591"},"modified":"2025-01-09T03:02:20","modified_gmt":"2025-01-09T03:02:20","slug":"en-los-andes-se-instalo-nueva-mesa-para-mejorar-la-calidad-de-vida-de-los-ninos-y-adolescentes","status":"publish","type":"post","link":"https:\/\/lavozdesanesteban.cl\/index.php\/2025\/01\/09\/en-los-andes-se-instalo-nueva-mesa-para-mejorar-la-calidad-de-vida-de-los-ninos-y-adolescentes\/","title":{"rendered":"En Los Andes se instal\u00f3 nueva mesa para mejorar la calidad de vida de los ni\u00f1os y adolescentes"},"content":{"rendered":"\n<p><\/p>\n\n\n\n<p><em>La creaci\u00f3n de esta mesa de trabajo entre distintas instituciones busca coordinar esfuerzos para garantizar los derechos y bienestar de los ni\u00f1os y sus familias.<\/em><\/p>\n\n\n\n<p>La Mesa de Articulaci\u00f3n Interinstitucional es un espacio clave que todas las OLN (Oficinas Locales de Ni\u00f1ez) est\u00e1n llamadas a construir en sus respectivas comunas. Su objetivo principal es llevar al nivel territorial un sistema que garantice y proteja los derechos de los ni\u00f1os y ni\u00f1as, un esfuerzo que solo puede lograrse mediante una coordinaci\u00f3n efectiva entre diversas instituciones.<\/p>\n\n\n\n<p>En esta mesa participan representantes de \u00e1reas fundamentales como salud, educaci\u00f3n, seguridad p\u00fablica, ni\u00f1ez municipal, discapacidad, cultura, pueblos originarios, y otros programas y proyectos orientados a la infancia.<\/p>\n\n\n\n<p>Macarena Riveros, encargada de la Oficina Local de la Ni\u00f1ez coment\u00f3 que \u201cel prop\u00f3sito es establecer un trabajo preventivo, orientado a detectar las brechas existentes y desarrollar un sistema de garant\u00edas que permita ofrecer beneficios y servicios adecuados a las necesidades de las familias. Si bien la tarea es ambiciosa, las OLN no pueden hacerlo solas; por ello, la articulaci\u00f3n intersectorial se presenta como una estrategia esencial para construir una red de apoyo s\u00f3lida. Para ello, se organizar\u00e1n encuentros cada dos meses, con el objetivo de mantener un flujo constante de comunicaci\u00f3n y planificaci\u00f3n. Adem\u00e1s, se ha instaurado una primera comisi\u00f3n especializada en difusi\u00f3n y promoci\u00f3n, y se espera que, con el tiempo, surjan nuevas comisiones seg\u00fan las necesidades del trabajo interinstitucional\u201d.<\/p>\n\n\n\n<p>Gloria Mu\u00f1oz, directora de Cesfam Centenario sobre esta instalaci\u00f3n dijo:&nbsp; \u201cMe parece bastante bueno porque nos va a permitir agilizar y tratar de manera m\u00e1s oportuna las problem\u00e1ticas que se nos generan con los ni\u00f1os, las ni\u00f1as y los adolescentes. A veces el judicializar un proceso lo enlentece mucho y expone m\u00e1s a\u00fan a los ni\u00f1os a volver a ser violentados producto de las situaciones que est\u00e1n viviendo. As\u00ed que esta es una tremenda oportunidad para toda la comuna de Los Andes para tratar de manera m\u00e1s efectiva estas problem\u00e1ticas\u201d<\/p>\n\n\n\n<p>En esta misma l\u00ednea, Romina Rom\u00e1n, directora del Cesfam Cordillera Andina coment\u00f3 estar agradecida por la invitaci\u00f3n, \u201ces fundamental integrar tanto al intersector como al intrasector para ofrecer mayores beneficios a los ni\u00f1os y realizar una labor preventiva. Nos hemos dado cuenta de que estamos llegando tarde, cuando ya se requieren medidas de protecci\u00f3n y judicializaci\u00f3n. Aprovechando las herramientas intersectoriales, podr\u00edamos reducir la vulneraci\u00f3n infantil y mejorar la salud de los ni\u00f1os andinos\u201d.<\/p>\n\n\n\n<p>Esta mesa representa una oportunidad para que diversas instituciones se unan en torno a un objetivo com\u00fan: mejorar la calidad de vida de los ni\u00f1os y ni\u00f1as, y asegurar que todos los servicios y programas est\u00e9n disponibles para ellos de manera eficaz y accesible. La colaboraci\u00f3n y coordinaci\u00f3n entre distintos sectores ser\u00e1 crucial para lograr avances significativos en la protecci\u00f3n de los derechos de la infancia y sus familias.<\/p>\n","protected":false},"excerpt":{"rendered":"<p>La creaci\u00f3n de esta mesa de trabajo entre distintas instituciones busca coordinar esfuerzos para garantizar los derechos y bienestar de los ni\u00f1os y sus familias. La Mesa de Articulaci\u00f3n Interinstitucional es un espacio clave que todas las OLN (Oficinas Locales de Ni\u00f1ez) est\u00e1n llamadas a construir en sus respectivas comunas. Su objetivo principal es llevar &hellip;<\/p>\n","protected":false},"author":2,"featured_media":4592,"comment_status":"open","ping_status":"open","sticky":false,"template":"","format":"standard","meta":{"spay_email":""},"categories":[7],"tags":[8],"jetpack_featured_media_url":"https:\/\/lavozdesanesteban.cl\/wp-content\/uploads\/2025\/01\/ONLI.jpeg","_links":{"self":[{"href":"https:\/\/lavozdesanesteban.cl\/index.php\/wp-json\/wp\/v2\/posts\/4591"}],"collection":[{"href":"https:\/\/lavozdesanesteban.cl\/index.php\/wp-json\/wp\/v2\/posts"}],"about":[{"href":"https:\/\/lavozdesanesteban.cl\/index.php\/wp-json\/wp\/v2\/types\/post"}],"author":[{"embeddable":true,"href":"https:\/\/lavozdesanesteban.cl\/index.php\/wp-json\/wp\/v2\/users\/2"}],"replies":[{"embeddable":true,"href":"https:\/\/lavozdesanesteban.cl\/index.php\/wp-json\/wp\/v2\/comments?post=4591"}],"version-history":[{"count":1,"href":"https:\/\/lavozdesanesteban.cl\/index.php\/wp-json\/wp\/v2\/posts\/4591\/revisions"}],"predecessor-version":[{"id":4593,"href":"https:\/\/lavozdesanesteban.cl\/index.php\/wp-json\/wp\/v2\/posts\/4591\/revisions\/4593"}],"wp:featuredmedia":[{"embeddable":true,"href":"https:\/\/lavozdesanesteban.cl\/index.php\/wp-json\/wp\/v2\/media\/4592"}],"wp:attachment":[{"href":"https:\/\/lavozdesanesteban.cl\/index.php\/wp-json\/wp\/v2\/media?parent=4591"}],"wp:term":[{"taxonomy":"category","embeddable":true,"href":"https:\/\/lavozdesanesteban.cl\/index.php\/wp-json\/wp\/v2\/categories?post=4591"},{"taxonomy":"post_tag","embeddable":true,"href":"https:\/\/lavozdesanesteban.cl\/index.php\/wp-json\/wp\/v2\/tags?post=4591"}],"curies":[{"name":"wp","href":"https:\/\/api.w.org\/{rel}","templated":true}]}}