{"id":4601,"date":"2025-01-29T01:44:50","date_gmt":"2025-01-29T01:44:50","guid":{"rendered":"https:\/\/lavozdesanesteban.cl\/?p=4601"},"modified":"2025-01-29T01:44:51","modified_gmt":"2025-01-29T01:44:51","slug":"decomisan-gran-cantidad-de-drogas-en-allanamiento-a-mas-de-300-internos-de-la-carcel-de-valparaiso","status":"publish","type":"post","link":"https:\/\/lavozdesanesteban.cl\/index.php\/2025\/01\/29\/decomisan-gran-cantidad-de-drogas-en-allanamiento-a-mas-de-300-internos-de-la-carcel-de-valparaiso\/","title":{"rendered":"DECOMISAN GRAN CANTIDAD DE DROGAS EN ALLANAMIENTO A M\u00c1S DE 300 INTERNOS DE LA C\u00c1RCEL DE VALPARA\u00cdSO"},"content":{"rendered":"\n<p><\/p>\n\n\n\n<p>Tusi, clorhidrato de coca\u00edna, cannabis sativa y pasta base de coca\u00edna, fueron algunos de los estupefacientes encontrados.<strong><\/strong><\/p>\n\n\n\n<p>Un contingente conformado por 90 funcionarios uniformados participaron en el procedimiento de registro y allanamiento efectuado en el Complejo Penitenciario de Valpara\u00edso y que culmin\u00f3 con la incautaci\u00f3n<a><\/a> de diversos elementos prohibidos, entre ellos diversos tipos de drogas.<\/p>\n\n\n\n<p>El operativo se realiz\u00f3 a partir de las 17:00 horas del pasado viernes en los m\u00f3dulos 110 y 111 de la principal unidad penal de la regi\u00f3n. En total fueron m\u00e1s de 300 los privados de libertad intervenidos.<\/p>\n\n\n\n<p>El jefe del Complejo, coronel H\u00e9ctor Inostroza Orellana, estuvo a cargo del operativo, el que incluy\u00f3 personal de la misma unidad penal, Unidad de Servicios Especiales Penitenciarios de Valpara\u00edso, Equipo de Canes Adiestrados y funcionarios de la Direcci\u00f3n Regional de Gendarmer\u00eda.<\/p>\n\n\n\n<p>Respecto al resultado del procedimiento, el coronel Inostroza sostuvo que \u201cEl d\u00eda viernes, pasadas las 17:00 horas, se efectu\u00f3 un registro de allanamiento extraordinario, donde se intervinieron dos m\u00f3dulos espec\u00edficos, de imputados. Se lograron requisar una gran cantidad de elementos prohibidos, destaco entre ellos: armas blancas, chicha artesanal y una gran cantidad de distintas tipos de droga como son clorhidrato de coca\u00edna, pasta base, marihuana, tusi, entre otras\u201d.<\/p>\n\n\n\n<p>\u201cDestacar el profesionalismo del personal al realizar este tipo de procedimiento, ya que con ello Gendarmer\u00eda colabora tanto en la seguridad del personal, de los propios internos, del recinto, como tambi\u00e9n de la ciudadan\u00eda. Con estos registros se mantiene el control sobre los distintos recintos penales\u201d, agreg\u00f3 el coronel.<\/p>\n\n\n\n<p>A los art\u00edculos detallados por el jefe de la unidad penal porte\u00f1a se suman; tel\u00e9fonos celulares, aud\u00edfonos, pipas de confecci\u00f3n artesanal, un perfume y cargadores USB:<\/p>\n\n\n\n<p>De todo lo sucedido se inform\u00f3 al ministerio p\u00fablico, quien determin\u00f3 el procedimiento a seguir. .<\/p>\n","protected":false},"excerpt":{"rendered":"<p>Tusi, clorhidrato de coca\u00edna, cannabis sativa y pasta base de coca\u00edna, fueron algunos de los estupefacientes encontrados. Un contingente conformado por 90 funcionarios uniformados participaron en el procedimiento de registro y allanamiento efectuado en el Complejo Penitenciario de Valpara\u00edso y que culmin\u00f3 con la incautaci\u00f3n de diversos elementos prohibidos, entre ellos diversos tipos de drogas. &hellip;<\/p>\n","protected":false},"author":2,"featured_media":4602,"comment_status":"open","ping_status":"open","sticky":false,"template":"","format":"standard","meta":{"spay_email":""},"categories":[3],"tags":[8],"jetpack_featured_media_url":"https:\/\/lavozdesanesteban.cl\/wp-content\/uploads\/2025\/01\/ALLANAMIENTO-1-scaled.jpg","_links":{"self":[{"href":"https:\/\/lavozdesanesteban.cl\/index.php\/wp-json\/wp\/v2\/posts\/4601"}],"collection":[{"href":"https:\/\/lavozdesanesteban.cl\/index.php\/wp-json\/wp\/v2\/posts"}],"about":[{"href":"https:\/\/lavozdesanesteban.cl\/index.php\/wp-json\/wp\/v2\/types\/post"}],"author":[{"embeddable":true,"href":"https:\/\/lavozdesanesteban.cl\/index.php\/wp-json\/wp\/v2\/users\/2"}],"replies":[{"embeddable":true,"href":"https:\/\/lavozdesanesteban.cl\/index.php\/wp-json\/wp\/v2\/comments?post=4601"}],"version-history":[{"count":1,"href":"https:\/\/lavozdesanesteban.cl\/index.php\/wp-json\/wp\/v2\/posts\/4601\/revisions"}],"predecessor-version":[{"id":4603,"href":"https:\/\/lavozdesanesteban.cl\/index.php\/wp-json\/wp\/v2\/posts\/4601\/revisions\/4603"}],"wp:featuredmedia":[{"embeddable":true,"href":"https:\/\/lavozdesanesteban.cl\/index.php\/wp-json\/wp\/v2\/media\/4602"}],"wp:attachment":[{"href":"https:\/\/lavozdesanesteban.cl\/index.php\/wp-json\/wp\/v2\/media?parent=4601"}],"wp:term":[{"taxonomy":"category","embeddable":true,"href":"https:\/\/lavozdesanesteban.cl\/index.php\/wp-json\/wp\/v2\/categories?post=4601"},{"taxonomy":"post_tag","embeddable":true,"href":"https:\/\/lavozdesanesteban.cl\/index.php\/wp-json\/wp\/v2\/tags?post=4601"}],"curies":[{"name":"wp","href":"https:\/\/api.w.org\/{rel}","templated":true}]}}