{"id":4607,"date":"2025-01-29T01:51:28","date_gmt":"2025-01-29T01:51:28","guid":{"rendered":"https:\/\/lavozdesanesteban.cl\/?p=4607"},"modified":"2025-01-29T01:51:29","modified_gmt":"2025-01-29T01:51:29","slug":"municipio-de-san-esteban-continua-trabajando-en-la-rehabilitacion-de-chacayes-alto-tras-el-siniestro-que-afecto-al-sector","status":"publish","type":"post","link":"https:\/\/lavozdesanesteban.cl\/index.php\/2025\/01\/29\/municipio-de-san-esteban-continua-trabajando-en-la-rehabilitacion-de-chacayes-alto-tras-el-siniestro-que-afecto-al-sector\/","title":{"rendered":"Municipio de San Esteban contin\u00faa trabajando en la rehabilitaci\u00f3n de Chacayes Alto tras el siniestro que afect\u00f3 al sector"},"content":{"rendered":"\n<p><\/p>\n\n\n\n<ul><li><em>Se implementaron medidas urgentes que incluyeron trabajos de remoci\u00f3n de escombros, reposici\u00f3n de servicios y preparaci\u00f3n para la construcci\u00f3n de viviendas de emergencia.<\/em><\/li><\/ul>\n\n\n\n<p>Durante la \u00faltima semana, el municipio de San Esteban, en colaboraci\u00f3n con diversas instituciones y la activa participaci\u00f3n de la comunidad, ha implementado un conjunto de medidas para apoyar a los vecinos de Chacayes Alto, quienes fueron afectados por un devastador siniestro que destruy\u00f3 una parte importante del sector. El principal objetivo de estas acciones es recuperar la normalidad en la zona, priorizando las necesidades urgentes de la poblaci\u00f3n.<\/p>\n\n\n\n<p>El administrador municipal, Ra\u00fal Iduarte, explic\u00f3 que \u201chubo un despliegue importante, y hoy en d\u00eda podemos decir que ya est\u00e1 despejado todo el cerro, lo cual es un claro agradecimiento a toda la gente que particip\u00f3, ya que esto se logr\u00f3 en alrededor de tres d\u00edas.\u201d<\/p>\n\n\n\n<p>Las labores comenzaron con la remoci\u00f3n de escombros, un trabajo que fue realizado diariamente por un equipo de trabajadores municipales y brigadas de voluntarios. Esto permiti\u00f3 despejar las v\u00edas y abrir paso a las siguientes fases del proceso de rehabilitaci\u00f3n, una iniciativa fundamental para habilitar progresivamente el sector. En paralelo, se ha avanzado en la reposici\u00f3n de los servicios b\u00e1sicos y redes esenciales para los residentes.<\/p>\n\n\n\n<p>El trabajo en terreno fue apoyado por equipos de maquinaria pesada, como retroexcavadoras, camiones aljibes y otras m\u00e1quinas especializadas, para preparar el suelo y nivelar los terrenos afectados, buscando asegurar que las futuras construcciones se realicen de forma correcta y segura, con la finalidad de restablecer la calidad de vida de los residentes en el menor tiempo posible.<\/p>\n\n\n\n<p>Despu\u00e9s de una semana intensa de trabajo, se lograron avances significativos en la zona, y ya est\u00e1n en marcha los primeros preparativos para la construcci\u00f3n de viviendas de emergencia. Este ser\u00e1 un paso clave, ya que permitir\u00e1 a los vecinos retornar a sus hogares de manera provisional mientras se contin\u00faan las labores de reconstrucci\u00f3n definitiva.<\/p>\n\n\n\n<p>Finalmente, el administrador municipal agradeci\u00f3 a la comunidad que particip\u00f3: \u201cSabemos que queda un trabajo enorme. Agradecemos a todos los vecinos y vecinas por la ayuda entregada, tambi\u00e9n en los centros de acopio. Hoy en d\u00eda se est\u00e1 llevando a Chacayes Alto to<a><\/a>da la ayuda que se ha entregado. Agradecemos a los dirigentes, quienes se han portado un siete; finalmente, ellos est\u00e1n, de alguna u otra forma, promoviendo todo lo que es el despliegue de entrega de ayuda. Es para nosotros sumamente importante, porque esto ha sido un ejercicio comunitario, lo que ha permitido, de alguna u otra forma, ir superando esta emergencia\u201d.<\/p>\n\n\n\n<p>Por otro lado, el apoyo solidario de la comunidad fue un pilar fundamental en esta recuperaci\u00f3n. Gracias a la colaboraci\u00f3n de los vecinos y de diversas instituciones, se han logrado reunir importantes cantidades de alimentos no perecibles, materiales de aseo, entre otros art\u00edculos de primera necesidad, los cuales ya fueron distribuidos a las familias.<\/p>\n\n\n\n<p>Desde el municipio de San Esteban, con el respaldo de instituciones locales y regionales, se contin\u00faa trabajando en terreno, manifestado su compromiso de seguir apoyando a los vecinos de Chacayes Alto hasta que la zona se recupere completamente.<\/p>\n","protected":false},"excerpt":{"rendered":"<p>Se implementaron medidas urgentes que incluyeron trabajos de remoci\u00f3n de escombros, reposici\u00f3n de servicios y preparaci\u00f3n para la construcci\u00f3n de viviendas de emergencia. Durante la \u00faltima semana, el municipio de San Esteban, en colaboraci\u00f3n con diversas instituciones y la activa participaci\u00f3n de la comunidad, ha implementado un conjunto de medidas para apoyar a los vecinos &hellip;<\/p>\n","protected":false},"author":2,"featured_media":4608,"comment_status":"open","ping_status":"open","sticky":false,"template":"","format":"standard","meta":{"spay_email":""},"categories":[2],"tags":[8],"jetpack_featured_media_url":"https:\/\/lavozdesanesteban.cl\/wp-content\/uploads\/2025\/01\/SINIESTRO.jpg","_links":{"self":[{"href":"https:\/\/lavozdesanesteban.cl\/index.php\/wp-json\/wp\/v2\/posts\/4607"}],"collection":[{"href":"https:\/\/lavozdesanesteban.cl\/index.php\/wp-json\/wp\/v2\/posts"}],"about":[{"href":"https:\/\/lavozdesanesteban.cl\/index.php\/wp-json\/wp\/v2\/types\/post"}],"author":[{"embeddable":true,"href":"https:\/\/lavozdesanesteban.cl\/index.php\/wp-json\/wp\/v2\/users\/2"}],"replies":[{"embeddable":true,"href":"https:\/\/lavozdesanesteban.cl\/index.php\/wp-json\/wp\/v2\/comments?post=4607"}],"version-history":[{"count":1,"href":"https:\/\/lavozdesanesteban.cl\/index.php\/wp-json\/wp\/v2\/posts\/4607\/revisions"}],"predecessor-version":[{"id":4609,"href":"https:\/\/lavozdesanesteban.cl\/index.php\/wp-json\/wp\/v2\/posts\/4607\/revisions\/4609"}],"wp:featuredmedia":[{"embeddable":true,"href":"https:\/\/lavozdesanesteban.cl\/index.php\/wp-json\/wp\/v2\/media\/4608"}],"wp:attachment":[{"href":"https:\/\/lavozdesanesteban.cl\/index.php\/wp-json\/wp\/v2\/media?parent=4607"}],"wp:term":[{"taxonomy":"category","embeddable":true,"href":"https:\/\/lavozdesanesteban.cl\/index.php\/wp-json\/wp\/v2\/categories?post=4607"},{"taxonomy":"post_tag","embeddable":true,"href":"https:\/\/lavozdesanesteban.cl\/index.php\/wp-json\/wp\/v2\/tags?post=4607"}],"curies":[{"name":"wp","href":"https:\/\/api.w.org\/{rel}","templated":true}]}}