{"id":4610,"date":"2025-01-29T01:55:24","date_gmt":"2025-01-29T01:55:24","guid":{"rendered":"https:\/\/lavozdesanesteban.cl\/?p=4610"},"modified":"2025-01-29T01:55:25","modified_gmt":"2025-01-29T01:55:25","slug":"seremitt-region-de-valparaiso","status":"publish","type":"post","link":"https:\/\/lavozdesanesteban.cl\/index.php\/2025\/01\/29\/seremitt-region-de-valparaiso\/","title":{"rendered":"Seremitt Regi\u00f3n de Valpara\u00edso"},"content":{"rendered":"\n<p><strong>Benigno Retamal se reuni\u00f3 con joven agredido en Vi\u00f1a del Mar, su familia y estudiantes en b\u00fasqueda de una mejor convivencia vial<\/strong><\/p>\n\n\n\n<p><\/p>\n\n\n\n<p><\/p>\n\n\n\n<p><em>El Seremi de Transportes de la Regi\u00f3n de Valpara\u00edso, Benigno Retamal, recibi\u00f3 esta ma\u00f1ana al estudiante que fue agredido por un chofer de microb\u00fas en Vi\u00f1a del Mar, quien, junto a su familia, estudiantes y el diputado Luis Cuello entregaron propuestas para mejorar la convivencia vial en el transporte publico&nbsp;<\/em><\/p>\n\n\n\n<p>En la ma\u00f1ana de hoy, el diputado por la regi\u00f3n de Valpara\u00edso, Luis Cuello (PC), el concejal por Vi\u00f1a del Mar, Nicol\u00e1s L\u00f3pez (PC), las dirigentas de la Federaci\u00f3n de Estudiantes de la Universidad de Valpara\u00edso, Antonia Romero y Constanza D\u00edaz, junto a Am\u00e9rico Ahumada, estudiante agredido esta semana por un chofer de microb\u00fas, concurrieron a la oficina de la Secretar\u00eda Regional de Transportes de la regi\u00f3n, con el fin de entregar una carta donde se propone un plan de fiscalizaci\u00f3n al trato a estudiantes en el transporte p\u00fablico, siendo recibidos por el Seremi, Benigno Retamal.<\/p>\n\n\n\n<p>\u201cEl conductor fue desvinculado por la empresa despu\u00e9s de este incidente. Nosotros como Ministerio presentamos una denuncia ante el Ministerio P\u00fablico para que se investiguen los hechos, pero lo m\u00e1s importante es que esto no suceda nunca m\u00e1s. Por eso hoy d\u00eda hemos estado con el diputado Cuello, con dirigentes estudiantiles, con la familia de Am\u00e9rico, con Am\u00e9rico, porque no queremos que estas cosas se repitan\u201d, dijo el Seremitt.<\/p>\n\n\n\n<p>\u201cQueremos hacer un llamado a los conductores, que jam\u00e1s puedan entrar en una situaci\u00f3n de agresi\u00f3n a un pasajero y en el caso de los estudiantes, la TNE o el pase escolar que es un instrumento v\u00e1lido para que cada uno de los estudiantes puedan hacer uso del transporte p\u00fablico no deben cuestionarlo, es parte de nuestra legislaci\u00f3n, de nuestro sistema normativo. Es un derecho de los estudiantes\u201d.<\/p>\n\n\n\n<p>\u201cEs lo que queremos, que, de aqu\u00ed en adelante, no tengamos m\u00e1s eventos como este y tambi\u00e9n decirle a la gente que hoy d\u00eda estamos trabajando como Gobierno para que el sistema de transporte de Gran Valpara\u00edso se modernice y en un futuro no muy lejano, tengamos la posibilidad de tener en todos los microbuses de la zona el validador electr\u00f3nico, el cobro electr\u00f3nico. De manera que nunca m\u00e1s exista este roce entre el pasajero y el conductor cuando \u00e9l paga el pasaje. A trav\u00e9s de la tecnolog\u00eda vamos a poder mejorar, vamos a poder superar y este a\u00f1o ya vamos a avanzar en el sistema de recaudo electr\u00f3nico. Ustedes ya ven hoy d\u00eda, hay varios de los servicios que hay de locomoci\u00f3n colectiva mayor, el caso de los troles, el caso de algunos microbuses el\u00e9ctricos que ya est\u00e1n funcionando y que van a ir incorporando cada d\u00eda m\u00e1s el validador electr\u00f3nico. Pero lo m\u00e1s importante hoy d\u00eda es el compromiso con Am\u00e9rico, con su familia, de seguir acompa\u00f1ando esta situaci\u00f3n. Hay una investigaci\u00f3n penal en curso y estaremos acompa\u00f1ando a Am\u00e9rico en todo el proceso\u201d, indic\u00f3 finalmente Retamal.<\/p>\n","protected":false},"excerpt":{"rendered":"<p>Benigno Retamal se reuni\u00f3 con joven agredido en Vi\u00f1a del Mar, su familia y estudiantes en b\u00fasqueda de una mejor convivencia vial El Seremi de Transportes de la Regi\u00f3n de Valpara\u00edso, Benigno Retamal, recibi\u00f3 esta ma\u00f1ana al estudiante que fue agredido por un chofer de microb\u00fas en Vi\u00f1a del Mar, quien, junto a su familia, &hellip;<\/p>\n","protected":false},"author":2,"featured_media":4611,"comment_status":"open","ping_status":"open","sticky":false,"template":"","format":"standard","meta":{"spay_email":""},"categories":[3],"tags":[8],"jetpack_featured_media_url":"https:\/\/lavozdesanesteban.cl\/wp-content\/uploads\/2025\/01\/SEREMI.jpeg","_links":{"self":[{"href":"https:\/\/lavozdesanesteban.cl\/index.php\/wp-json\/wp\/v2\/posts\/4610"}],"collection":[{"href":"https:\/\/lavozdesanesteban.cl\/index.php\/wp-json\/wp\/v2\/posts"}],"about":[{"href":"https:\/\/lavozdesanesteban.cl\/index.php\/wp-json\/wp\/v2\/types\/post"}],"author":[{"embeddable":true,"href":"https:\/\/lavozdesanesteban.cl\/index.php\/wp-json\/wp\/v2\/users\/2"}],"replies":[{"embeddable":true,"href":"https:\/\/lavozdesanesteban.cl\/index.php\/wp-json\/wp\/v2\/comments?post=4610"}],"version-history":[{"count":1,"href":"https:\/\/lavozdesanesteban.cl\/index.php\/wp-json\/wp\/v2\/posts\/4610\/revisions"}],"predecessor-version":[{"id":4612,"href":"https:\/\/lavozdesanesteban.cl\/index.php\/wp-json\/wp\/v2\/posts\/4610\/revisions\/4612"}],"wp:featuredmedia":[{"embeddable":true,"href":"https:\/\/lavozdesanesteban.cl\/index.php\/wp-json\/wp\/v2\/media\/4611"}],"wp:attachment":[{"href":"https:\/\/lavozdesanesteban.cl\/index.php\/wp-json\/wp\/v2\/media?parent=4610"}],"wp:term":[{"taxonomy":"category","embeddable":true,"href":"https:\/\/lavozdesanesteban.cl\/index.php\/wp-json\/wp\/v2\/categories?post=4610"},{"taxonomy":"post_tag","embeddable":true,"href":"https:\/\/lavozdesanesteban.cl\/index.php\/wp-json\/wp\/v2\/tags?post=4610"}],"curies":[{"name":"wp","href":"https:\/\/api.w.org\/{rel}","templated":true}]}}