{"id":4613,"date":"2025-01-29T01:58:57","date_gmt":"2025-01-29T01:58:57","guid":{"rendered":"https:\/\/lavozdesanesteban.cl\/?p=4613"},"modified":"2025-01-29T01:58:58","modified_gmt":"2025-01-29T01:58:58","slug":"se-instala-mesa-publico-privada-para-crear-ruta-patrimonial-portillo-juncal","status":"publish","type":"post","link":"https:\/\/lavozdesanesteban.cl\/index.php\/2025\/01\/29\/se-instala-mesa-publico-privada-para-crear-ruta-patrimonial-portillo-juncal\/","title":{"rendered":"Se instala mesa p\u00fablico-privada para crear ruta patrimonial Portillo-Juncal"},"content":{"rendered":"\n<p><\/p>\n\n\n\n<p>Proyecto busca consolidar al Valle de Aconcagua como referente de turismo sostenible y conservaci\u00f3n, con iniciativas que unir\u00e1n cultura, arqueolog\u00eda y naturaleza<\/p>\n\n\n\n<p>La Seremi de Bienes Nacionales de la Regi\u00f3n de Valpara\u00edso convoc\u00f3 a la instalaci\u00f3n de una mesa p\u00fablico-privada, integrada por la Corporaci\u00f3n de Desarrollo Pro Aconcagua, para analizar una nueva ruta patrimonial en el sector Portillo-Juncal.<\/p>\n\n\n\n<p>Claudia Gajardo, gerente de la Corporaci\u00f3n, valor\u00f3 la iniciativa: \u201cPor un lado, fortalece el trabajo realizado hasta ahora en el sector, y por otro, permite avanzar en posicionar al Valle de Aconcagua como destino tur\u00edstico\u201d.<\/p>\n\n\n\n<p>Pro Aconcagua est\u00e1 involucrado en dos proyectos clave de impacto patrimonial y tur\u00edstico. La primera iniciativa, desarrollada junto a Codelco Andina, es el proyecto \u201cPuesta en valor de Circuitos Arqueol\u00f3gicos del Alto Aconcagua\u201d. Desde octubre de 2023, Pro Aconcagua ha trabajado en la caracterizaci\u00f3n y valorizaci\u00f3n de cuatro sitios arqueol\u00f3gicos ubicados en el sector alto del Camino Internacional, incluidos antiguos caser\u00edos y casetas de correo.<\/p>\n\n\n\n<p>La segunda es el Parque Andino Juncal, un sitio que protege glaciares, monta\u00f1as y humedales de la Cordillera de Los Andes, y que se ha convertido en un referente internacional de turismo responsable y conservaci\u00f3n ambiental. Este proyecto destaca por su enfoque colaborativo, que ha generado impactos positivos en la biodiversidad, las comunidades y el desarrollo econ\u00f3mico local. Entre las entidades participantes est\u00e1n CORFO, la Corporaci\u00f3n Pro Aconcagua, el Gobierno Regional de Valpara\u00edso, SERNATUR, la Corporaci\u00f3n Regional de Turismo de Valpara\u00edso y Codesser.<\/p>\n\n\n\n<p>\u201cEs una tremenda instancia crear esta ruta porque converge con el proyecto arqueol\u00f3gico que hemos impulsado en los \u00faltimos dos a\u00f1os. Estamos a disposici\u00f3n para avanzar en esta propuesta\u201d, afirm\u00f3 Claudia Gajardo.<\/p>\n\n\n\n<p>Por su parte, Eduardo Le\u00f3n, Seremi de Bienes Nacionales, se\u00f1al\u00f3 que el pr\u00f3ximo paso es presentar la propuesta al Ministerio para consolidar la ruta patrimonial, \u201cen la cual se involucre el gran ecosistema de turismo que tiene el Valle de Aconcagua\u201d.<\/p>\n\n\n\n<p>Francisco Godoy, gerente general de la Corporaci\u00f3n Regional de Turismo, destac\u00f3 que la ruta busca \u201cponer en valor todos los atractivos existentes para promocionarlos a trav\u00e9s de nuestro Programa Territorial Integrado\u201d.<\/p>\n\n\n\n<p>Finalmente, la consejera regional Edith Quiroz subray\u00f3 la relevancia del proyecto: \u201cNos unimos en pos del desarrollo del turismo del Valle de Aconcagua, sobre todo con hitos tur\u00edsticos tremendamente relevantes\u201d. Esta opini\u00f3n fue compartida por la consejera regional Mar\u00eda Victoria Rodr\u00edguez, quien enfatiz\u00f3 la importancia de fortalecer el turismo y las actividades de emprendimiento vinculadas a la ruta.<\/p>\n","protected":false},"excerpt":{"rendered":"<p>Proyecto busca consolidar al Valle de Aconcagua como referente de turismo sostenible y conservaci\u00f3n, con iniciativas que unir\u00e1n cultura, arqueolog\u00eda y naturaleza La Seremi de Bienes Nacionales de la Regi\u00f3n de Valpara\u00edso convoc\u00f3 a la instalaci\u00f3n de una mesa p\u00fablico-privada, integrada por la Corporaci\u00f3n de Desarrollo Pro Aconcagua, para analizar una nueva ruta patrimonial en &hellip;<\/p>\n","protected":false},"author":2,"featured_media":4614,"comment_status":"open","ping_status":"open","sticky":false,"template":"","format":"standard","meta":{"spay_email":""},"categories":[7],"tags":[8],"jetpack_featured_media_url":"https:\/\/lavozdesanesteban.cl\/wp-content\/uploads\/2025\/01\/Reunion-scaled.jpg","_links":{"self":[{"href":"https:\/\/lavozdesanesteban.cl\/index.php\/wp-json\/wp\/v2\/posts\/4613"}],"collection":[{"href":"https:\/\/lavozdesanesteban.cl\/index.php\/wp-json\/wp\/v2\/posts"}],"about":[{"href":"https:\/\/lavozdesanesteban.cl\/index.php\/wp-json\/wp\/v2\/types\/post"}],"author":[{"embeddable":true,"href":"https:\/\/lavozdesanesteban.cl\/index.php\/wp-json\/wp\/v2\/users\/2"}],"replies":[{"embeddable":true,"href":"https:\/\/lavozdesanesteban.cl\/index.php\/wp-json\/wp\/v2\/comments?post=4613"}],"version-history":[{"count":1,"href":"https:\/\/lavozdesanesteban.cl\/index.php\/wp-json\/wp\/v2\/posts\/4613\/revisions"}],"predecessor-version":[{"id":4615,"href":"https:\/\/lavozdesanesteban.cl\/index.php\/wp-json\/wp\/v2\/posts\/4613\/revisions\/4615"}],"wp:featuredmedia":[{"embeddable":true,"href":"https:\/\/lavozdesanesteban.cl\/index.php\/wp-json\/wp\/v2\/media\/4614"}],"wp:attachment":[{"href":"https:\/\/lavozdesanesteban.cl\/index.php\/wp-json\/wp\/v2\/media?parent=4613"}],"wp:term":[{"taxonomy":"category","embeddable":true,"href":"https:\/\/lavozdesanesteban.cl\/index.php\/wp-json\/wp\/v2\/categories?post=4613"},{"taxonomy":"post_tag","embeddable":true,"href":"https:\/\/lavozdesanesteban.cl\/index.php\/wp-json\/wp\/v2\/tags?post=4613"}],"curies":[{"name":"wp","href":"https:\/\/api.w.org\/{rel}","templated":true}]}}