{"id":4616,"date":"2025-01-29T02:03:11","date_gmt":"2025-01-29T02:03:11","guid":{"rendered":"https:\/\/lavozdesanesteban.cl\/?p=4616"},"modified":"2025-01-29T02:03:12","modified_gmt":"2025-01-29T02:03:12","slug":"los-andes-vibro-con-el-voleibol-playa-masculino-y-el-triunfo-de-los-primos-grimalt","status":"publish","type":"post","link":"https:\/\/lavozdesanesteban.cl\/index.php\/2025\/01\/29\/los-andes-vibro-con-el-voleibol-playa-masculino-y-el-triunfo-de-los-primos-grimalt\/","title":{"rendered":"Los Andes vibr\u00f3 con el voleibol playa masculino y el triunfo de los primos Grimalt"},"content":{"rendered":"\n<p><\/p>\n\n\n\n<p><em>Lleno total la 2\u00aa etapa del Circuito Sudamericano de V\u00f3leibol Playa Masculino en el Parque Urbano Ambrosio O\u2019Higgins<\/em><\/p>\n\n\n\n<p>Tres d\u00edas de fiesta deportiva se concentr\u00f3 en Los Andes con la realizaci\u00f3n del torneo Sudamericano de V\u00f3leibol Playa Masculino, que convoc\u00f3 a 13 duplas de 9 pa\u00edses, siendo Los Andes el anfitri\u00f3n de este evento deportivo familiar.<\/p>\n\n\n\n<p>Tras tres jornadas de competencia, los primos Grimalt se quedaron con el primer lugar al ganar a la dupla uruguaya, de Nicol\u00e1s Llamb\u00edas Hans Hannibal, mientras que el tercer lugar del podio qued\u00f3 para los argentinos Bautista Amiva y Maciel Bueno, que se impusieron a la dupla de Brasil.<\/p>\n\n\n\n<p>Tras el partido final, Esteban Grimalt, coment\u00f3 que \u201ceste torneo en Los Andes es muy especial, ya que fue donde debutamos juntos con Marco en la arena. La energ\u00eda del p\u00fablico, llenando el estadio cada d\u00eda, fue incre\u00edble. Despu\u00e9s de una pausa m\u00e1s larga tras los Juegos Ol\u00edmpicos, volvimos con el pie derecho, alcanzando nuestro objetivo y ganando una medalla de oro en el circuito sudamericano. A\u00fan estamos retomando el ritmo f\u00edsico y de juego, pero este inicio, con tanto apoyo, significa mucho para nosotros\u201d.<\/p>\n\n\n\n<p>Mientras que Marco Grimalt, luego del triunfo dijo \u201cha sido s\u00faper bonita la motivaci\u00f3n que la gente nos entreg\u00f3 durante todo el fin de semana. Con mucho respeto, con harta energ\u00eda positiva. Esperamos para el pr\u00f3ximo a\u00f1o, tener m\u00e1s capacidad porque es s\u00faper rico para nosotros poder jugar ac\u00e1 en Chile, poder mostrar nuestro deporte, poder mostrar lo que realizamos todos los d\u00edas de forma profesional\u201d.<\/p>\n\n\n\n<p>Pese al calor, el p\u00fablico lleg\u00f3 de manera masiva, superando por jornada las dos mil personas, por jornada.<\/p>\n\n\n\n<p>Manuel Rivera, alcalde de Los Andes, cont\u00f3 muy orgulloso: \u201cnos acaban de dar una tremenda noticia, para el pr\u00f3ximo a\u00f1o. por qu\u00e9 no so\u00f1ar un fin de semana tener el circuito masculino y el otro el femenino. Una semana completa con las mejores parejas de beach volley de Sudam\u00e9rica\u201d<\/p>\n\n\n\n<p>Cristian Aguilera, asistente al evento coment\u00f3 que \u201crecuerdo que veranos anteriores tambi\u00e9n trajeron esto. No hab\u00eda venido ahora, de hecho, viene ahora para la final.&nbsp; Y bien, se nota el nivel de los competidores. Las selecciones que traen, as\u00ed que bien. Buena iniciativa por parte del municipio, y ojal\u00e1 se sigan dando estas actividades\u201d.<\/p>\n\n\n\n<p>Este evento se transmiti\u00f3 a trav\u00e9s de los canales de Youtube de la Confederaci\u00f3n Sudamericana de Voleibol, la Federaci\u00f3n de Voleibol de Chile y la fanpage de Municipalidad&nbsp; Los Andes.&nbsp;&nbsp;<\/p>\n","protected":false},"excerpt":{"rendered":"<p>Lleno total la 2\u00aa etapa del Circuito Sudamericano de V\u00f3leibol Playa Masculino en el Parque Urbano Ambrosio O\u2019Higgins Tres d\u00edas de fiesta deportiva se concentr\u00f3 en Los Andes con la realizaci\u00f3n del torneo Sudamericano de V\u00f3leibol Playa Masculino, que convoc\u00f3 a 13 duplas de 9 pa\u00edses, siendo Los Andes el anfitri\u00f3n de este evento deportivo &hellip;<\/p>\n","protected":false},"author":2,"featured_media":4617,"comment_status":"open","ping_status":"open","sticky":false,"template":"","format":"standard","meta":{"spay_email":""},"categories":[7],"tags":[8],"jetpack_featured_media_url":"https:\/\/lavozdesanesteban.cl\/wp-content\/uploads\/2025\/01\/3.jpeg","_links":{"self":[{"href":"https:\/\/lavozdesanesteban.cl\/index.php\/wp-json\/wp\/v2\/posts\/4616"}],"collection":[{"href":"https:\/\/lavozdesanesteban.cl\/index.php\/wp-json\/wp\/v2\/posts"}],"about":[{"href":"https:\/\/lavozdesanesteban.cl\/index.php\/wp-json\/wp\/v2\/types\/post"}],"author":[{"embeddable":true,"href":"https:\/\/lavozdesanesteban.cl\/index.php\/wp-json\/wp\/v2\/users\/2"}],"replies":[{"embeddable":true,"href":"https:\/\/lavozdesanesteban.cl\/index.php\/wp-json\/wp\/v2\/comments?post=4616"}],"version-history":[{"count":1,"href":"https:\/\/lavozdesanesteban.cl\/index.php\/wp-json\/wp\/v2\/posts\/4616\/revisions"}],"predecessor-version":[{"id":4618,"href":"https:\/\/lavozdesanesteban.cl\/index.php\/wp-json\/wp\/v2\/posts\/4616\/revisions\/4618"}],"wp:featuredmedia":[{"embeddable":true,"href":"https:\/\/lavozdesanesteban.cl\/index.php\/wp-json\/wp\/v2\/media\/4617"}],"wp:attachment":[{"href":"https:\/\/lavozdesanesteban.cl\/index.php\/wp-json\/wp\/v2\/media?parent=4616"}],"wp:term":[{"taxonomy":"category","embeddable":true,"href":"https:\/\/lavozdesanesteban.cl\/index.php\/wp-json\/wp\/v2\/categories?post=4616"},{"taxonomy":"post_tag","embeddable":true,"href":"https:\/\/lavozdesanesteban.cl\/index.php\/wp-json\/wp\/v2\/tags?post=4616"}],"curies":[{"name":"wp","href":"https:\/\/api.w.org\/{rel}","templated":true}]}}