{"id":4625,"date":"2025-01-29T02:14:35","date_gmt":"2025-01-29T02:14:35","guid":{"rendered":"https:\/\/lavozdesanesteban.cl\/?p=4625"},"modified":"2025-01-29T02:14:36","modified_gmt":"2025-01-29T02:14:36","slug":"con-guia-de-hierbas-medicinales-posta-de-rio-colorado-promueve-convergencia-entre-medicina-natural-y-tradicional","status":"publish","type":"post","link":"https:\/\/lavozdesanesteban.cl\/index.php\/2025\/01\/29\/con-guia-de-hierbas-medicinales-posta-de-rio-colorado-promueve-convergencia-entre-medicina-natural-y-tradicional\/","title":{"rendered":"Con gu\u00eda de hierbas medicinales Posta de R\u00edo Colorado promueve convergencia entre medicina natural y tradicional"},"content":{"rendered":"\n<p><\/p>\n\n\n\n<p><em>Documento informativo es producto de la alianza entre el Departamento de Salud de la Municipalidad de San Esteban y la empresa Colb\u00fan.<\/em><\/p>\n\n\n\n<p>Para resaltar la importancia de la integraci\u00f3n entre la medicina natural y la tradicional, en la Posta de Salud Rural R\u00edo Colorado, ubicada en Camino Internacional, se realiz\u00f3 el lanzamiento de la gu\u00eda de plantas medicinales aut\u00f3ctonas, iniciativa enmarcada en el programa piloto \u201cCosechando Salud\u201d impulsado conjuntamente por la Municipalidad de San Esteban, a trav\u00e9s de su departamento de salud; y la empresa Colb\u00fan, por medio de su Complejo Hidroel\u00e9ctrico Aconcagua.<\/p>\n\n\n\n<p>El objetivo del documento es promover el uso de hierbas medicinales como complemento a los tratamientos m\u00e9dicos convencionales, al tiempo de preservar y difundir el conocimiento ancestral de la medicina natural entre la comunidad de Camino Internacional.<\/p>\n\n\n\n<p>La gu\u00eda, que fue elaborada con el apoyo de especialistas, recoge las principales propiedades terap\u00e9uticas de las hierbas aut\u00f3ctonas, algunas de ellas reconocidas por el Ministerio de Salud desde 2009. El manual contiene informaci\u00f3n sobre atributos analg\u00e9sicos, antibacterianos y antiespasm\u00f3dicos, y fue dise\u00f1ado de manera accesible, con fotograf\u00edas e indicaciones claras, de modo de facilitar su identificaci\u00f3n y uso seguro. \u201cEl manual no solo fortalece el conocimiento de nuestros usuarios, sino que tambi\u00e9n facilita la transmisi\u00f3n de estos saberes a las nuevas generaciones\u201d, destac\u00f3 Nicol Paes, encargada de sector y nutricionista de la Posta Rural de R\u00edo Colorado.<\/p>\n\n\n\n<p>\u201cEstoy contento con esta alianza estrat\u00e9gica entre Colb\u00fan y el departamento de salud, y espec\u00edficamente con esta publicaci\u00f3n que es muy \u00fatil para cada uno de los usuarios que asiste a las atenciones diarias de la posta R\u00edo Colorado, y que va servir mucho ya que es algo cotidiano y aplicable a todos\u201d, sostuvo el director del Departamento de Salud de la Municipalidad de San Esteban, Bernardo Vargas.<\/p>\n\n\n\n<p><strong>Programa por etapas<\/strong><\/p>\n\n\n\n<p>La primera fase del programa piloto consisti\u00f3 en la creaci\u00f3n de un invernadero denominado \u201chuerto medicinal\u201d y una \u201cecoplaza verde\u201d con especies abonadas con humus, el cual fue generado a partir de la descomposici\u00f3n de material org\u00e1nico. En el huerto se cultivan y cosechan hierbas medicinales durante todo el a\u00f1o, las cuales proporcionan terapias complementarias a los usuarios de la posta.<\/p>\n\n\n\n<p>Este trabajo continuar\u00e1 con talleres educativos y sesiones informativas asociadas a la gu\u00eda para reforzar el conocimiento en la comunidad.<\/p>\n\n\n\n<p>\u201cEl objetivo de este piloto es rescatar y compartir el conocimiento sobre las propiedades curativas de estas plantas, que han sido tan importantes para la comunidad local\u201d, coment\u00f3 Enzo Forlivesi, Jefe de Medio Ambiente, Seguridad y Salud Ocupacional del Complejo Aconcagua de Colb\u00fan.<\/p>\n\n\n\n<p>\u201cEste manual es una herramienta \u00fatil y did\u00e1ctica que permitir\u00e1 a los vecinos acceder a informaci\u00f3n sobre el uso adecuado de estas plantas para diferentes dolencias\u201d, a\u00f1adi\u00f3.<\/p>\n","protected":false},"excerpt":{"rendered":"<p>Documento informativo es producto de la alianza entre el Departamento de Salud de la Municipalidad de San Esteban y la empresa Colb\u00fan. Para resaltar la importancia de la integraci\u00f3n entre la medicina natural y la tradicional, en la Posta de Salud Rural R\u00edo Colorado, ubicada en Camino Internacional, se realiz\u00f3 el lanzamiento de la gu\u00eda &hellip;<\/p>\n","protected":false},"author":2,"featured_media":4626,"comment_status":"open","ping_status":"open","sticky":false,"template":"","format":"standard","meta":{"spay_email":""},"categories":[7],"tags":[8],"jetpack_featured_media_url":"https:\/\/lavozdesanesteban.cl\/wp-content\/uploads\/2025\/01\/IMG_1023-1-scaled.jpeg","_links":{"self":[{"href":"https:\/\/lavozdesanesteban.cl\/index.php\/wp-json\/wp\/v2\/posts\/4625"}],"collection":[{"href":"https:\/\/lavozdesanesteban.cl\/index.php\/wp-json\/wp\/v2\/posts"}],"about":[{"href":"https:\/\/lavozdesanesteban.cl\/index.php\/wp-json\/wp\/v2\/types\/post"}],"author":[{"embeddable":true,"href":"https:\/\/lavozdesanesteban.cl\/index.php\/wp-json\/wp\/v2\/users\/2"}],"replies":[{"embeddable":true,"href":"https:\/\/lavozdesanesteban.cl\/index.php\/wp-json\/wp\/v2\/comments?post=4625"}],"version-history":[{"count":1,"href":"https:\/\/lavozdesanesteban.cl\/index.php\/wp-json\/wp\/v2\/posts\/4625\/revisions"}],"predecessor-version":[{"id":4627,"href":"https:\/\/lavozdesanesteban.cl\/index.php\/wp-json\/wp\/v2\/posts\/4625\/revisions\/4627"}],"wp:featuredmedia":[{"embeddable":true,"href":"https:\/\/lavozdesanesteban.cl\/index.php\/wp-json\/wp\/v2\/media\/4626"}],"wp:attachment":[{"href":"https:\/\/lavozdesanesteban.cl\/index.php\/wp-json\/wp\/v2\/media?parent=4625"}],"wp:term":[{"taxonomy":"category","embeddable":true,"href":"https:\/\/lavozdesanesteban.cl\/index.php\/wp-json\/wp\/v2\/categories?post=4625"},{"taxonomy":"post_tag","embeddable":true,"href":"https:\/\/lavozdesanesteban.cl\/index.php\/wp-json\/wp\/v2\/tags?post=4625"}],"curies":[{"name":"wp","href":"https:\/\/api.w.org\/{rel}","templated":true}]}}