{"id":4628,"date":"2025-01-29T02:18:23","date_gmt":"2025-01-29T02:18:23","guid":{"rendered":"https:\/\/lavozdesanesteban.cl\/?p=4628"},"modified":"2025-01-29T02:18:24","modified_gmt":"2025-01-29T02:18:24","slug":"lanzan-nueva-fanpage-municipal-en-los-andes-para-mantener-a-la-comunidad-conectada","status":"publish","type":"post","link":"https:\/\/lavozdesanesteban.cl\/index.php\/2025\/01\/29\/lanzan-nueva-fanpage-municipal-en-los-andes-para-mantener-a-la-comunidad-conectada\/","title":{"rendered":"Lanzan nueva Fanpage Municipal en Los Andes para mantener a la comunidad conectada"},"content":{"rendered":"\n<p><\/p>\n\n\n\n<p>La Municipalidad de Los Andes ha lanzado una nueva fanpage en Facebook, \u201cMunicipalidad Los Andes\u201d, con el objetivo de mantener a los vecinos y vecinas de la comuna informados sobre el quehacer municipal y las actividades que se realizan en beneficio de la comunidad.<\/p>\n\n\n\n<p>La nueva plataforma digital ser\u00e1 un punto de encuentro para que los andinos y andinas est\u00e9n al d\u00eda con las \u00faltimas noticias, eventos, servicios y actividades promovidas por la municipalidad. A trav\u00e9s de esta p\u00e1gina, los usuarios podr\u00e1n conocer de manera r\u00e1pida y sencilla la informaci\u00f3n m\u00e1s relevante para la familia andina.<\/p>\n\n\n\n<p>Desde la municipalidad invitan a seguir la nueva fanpage, sobre todo porque se podr\u00e1 acceder a transmisiones en vivo a trav\u00e9s de streaming, permitiendo una comunicaci\u00f3n en tiempo real, recordar que cada semana se transmite el concejo municipal.<\/p>\n\n\n\n<p>Para seguir la nueva fanpage, los vecinos solo deben buscar \u201cMunicipalidad Los Andes\u201d en Facebook y darle al bot\u00f3n de seguir para no perderse ninguna actualizaci\u00f3n.<\/p>\n","protected":false},"excerpt":{"rendered":"<p>La Municipalidad de Los Andes ha lanzado una nueva fanpage en Facebook, \u201cMunicipalidad Los Andes\u201d, con el objetivo de mantener a los vecinos y vecinas de la comuna informados sobre el quehacer municipal y las actividades que se realizan en beneficio de la comunidad. La nueva plataforma digital ser\u00e1 un punto de encuentro para que &hellip;<\/p>\n","protected":false},"author":2,"featured_media":4629,"comment_status":"open","ping_status":"open","sticky":false,"template":"","format":"standard","meta":{"spay_email":""},"categories":[7],"tags":[8],"jetpack_featured_media_url":"https:\/\/lavozdesanesteban.cl\/wp-content\/uploads\/2025\/01\/rrss-fb.jpg","_links":{"self":[{"href":"https:\/\/lavozdesanesteban.cl\/index.php\/wp-json\/wp\/v2\/posts\/4628"}],"collection":[{"href":"https:\/\/lavozdesanesteban.cl\/index.php\/wp-json\/wp\/v2\/posts"}],"about":[{"href":"https:\/\/lavozdesanesteban.cl\/index.php\/wp-json\/wp\/v2\/types\/post"}],"author":[{"embeddable":true,"href":"https:\/\/lavozdesanesteban.cl\/index.php\/wp-json\/wp\/v2\/users\/2"}],"replies":[{"embeddable":true,"href":"https:\/\/lavozdesanesteban.cl\/index.php\/wp-json\/wp\/v2\/comments?post=4628"}],"version-history":[{"count":1,"href":"https:\/\/lavozdesanesteban.cl\/index.php\/wp-json\/wp\/v2\/posts\/4628\/revisions"}],"predecessor-version":[{"id":4630,"href":"https:\/\/lavozdesanesteban.cl\/index.php\/wp-json\/wp\/v2\/posts\/4628\/revisions\/4630"}],"wp:featuredmedia":[{"embeddable":true,"href":"https:\/\/lavozdesanesteban.cl\/index.php\/wp-json\/wp\/v2\/media\/4629"}],"wp:attachment":[{"href":"https:\/\/lavozdesanesteban.cl\/index.php\/wp-json\/wp\/v2\/media?parent=4628"}],"wp:term":[{"taxonomy":"category","embeddable":true,"href":"https:\/\/lavozdesanesteban.cl\/index.php\/wp-json\/wp\/v2\/categories?post=4628"},{"taxonomy":"post_tag","embeddable":true,"href":"https:\/\/lavozdesanesteban.cl\/index.php\/wp-json\/wp\/v2\/tags?post=4628"}],"curies":[{"name":"wp","href":"https:\/\/api.w.org\/{rel}","templated":true}]}}