{"id":4636,"date":"2025-03-21T02:00:46","date_gmt":"2025-03-21T02:00:46","guid":{"rendered":"https:\/\/lavozdesanesteban.cl\/?p=4636"},"modified":"2025-03-21T02:00:48","modified_gmt":"2025-03-21T02:00:48","slug":"cuidadora-de-respiro-municipio-de-san-esteban-inicio-pionera-iniciativa-para-apoyar-a-personas-que-cuidan-familiares-con-necesidades-especiales","status":"publish","type":"post","link":"https:\/\/lavozdesanesteban.cl\/index.php\/2025\/03\/21\/cuidadora-de-respiro-municipio-de-san-esteban-inicio-pionera-iniciativa-para-apoyar-a-personas-que-cuidan-familiares-con-necesidades-especiales\/","title":{"rendered":"\u201cCuidadora de respiro\u201d: Municipio de San Esteban inici\u00f3 pionera iniciativa para apoyar a personas que cuidan familiares con necesidades especiales"},"content":{"rendered":"\n<p><\/p>\n\n\n\n<ul><li>La estrategia, piloto en la regi\u00f3n, busca apoyar y cuidar la salud mental de las personas cuidadoras, permitiendo que cuenten con una profesional que durante algunas horas a la semana los reemplazar\u00e1 en esta tarea.<\/li><\/ul>\n\n\n\n<p>El municipio de San Esteban, en su estrategia por fomentar la inclusi\u00f3n en la comuna, inici\u00f3 una iniciativa pionera en la regi\u00f3n para apoyar a las y los cuidadores de personas con discapacidad y adultos mayores. Se trata del denominado programa \u201cCuidadora de respiro\u201d, en el que una profesional altamente capacitada, se encargan de cuidar temporalmente a otra persona, dando un descanso al cuidador principal.<\/p>\n\n\n\n<p>De esta manera, el beneficiado puede desarrollar diversas actividades, tales como tr\u00e1mites bancarios, asistir a una hora m\u00e9dica o, simplemente, tomar un caf\u00e9. Precisamente, la iniciativa tiene como principal objetivo proteger la salud mental de las personas cuidadoras.<\/p>\n\n\n\n<p>En ese sentido, el alcalde Christian Ortega manifest\u00f3 que \u201cestamos contentos por ejecutar este programa pionero en la regi\u00f3n. Que, adem\u00e1s, es fundamental en nuestra pol\u00edtica de inclusi\u00f3n, porque ponemos en valor a las y los cuidadores de la comuna. Hoy, contamos con una profesional que reemplaza por unas horas a esta persona, permitiendo con ello, que pueda descansar o realizar tr\u00e1mites sin preocupaciones\u201d, afirm\u00f3 el jefe comunal.<\/p>\n\n\n\n<p>Para desarrollar esta estrategia, se gener\u00f3 un trabajo coordinado entre los programas \u201cAcomp\u00e1\u00f1ame\u201d &#8211; dependiente de la direcci\u00f3n de salud de la comuna &#8211; y \u201cDiversidad funcional\u201d, unidad creada por el municipio, donde se identific\u00f3 la necesidad de contratar a una profesional, gracias a recursos de Gobierno Interior, que desarrollar\u00e1 estas labores, apoyando hasta la fecha a cerca de 30 familias cuidadoras sanestebinas.<\/p>\n\n\n\n<p>\u201cGobierno Interior, a trav\u00e9s del programa Inversi\u00f3n a la comunidad, ha permitido darle tiraje al empelo a nivel comunal. Es as\u00ed, como hemos llevado adelante este piloto, dando una se\u00f1al muy clara sobre la relevancia de nuestros cuidadores\u201d, se\u00f1al\u00f3 Rodrigo Mu\u00f1oz, encargado del programa municipal de diversidad funcional.<\/p>\n\n\n\n<p>Desde su ejecuci\u00f3n, hace ya casi tres meses, este programa ha logrado una evaluaci\u00f3n positiva, no s\u00f3lo de las autoridades comunales, sino tambi\u00e9n de las familias intervenidas.&nbsp;<\/p>\n\n\n\n<p>De esta manera, San Esteban sigue avanzando en iniciativas de inclusi\u00f3n. Por tal motivo, es que ya trabajan para aumentar la cobertura y el n\u00famero de profesionales del programa \u201ccuidadores de respiro\u201d.&nbsp;<\/p>\n","protected":false},"excerpt":{"rendered":"<p>La estrategia, piloto en la regi\u00f3n, busca apoyar y cuidar la salud mental de las personas cuidadoras, permitiendo que cuenten con una profesional que durante algunas horas a la semana los reemplazar\u00e1 en esta tarea. El municipio de San Esteban, en su estrategia por fomentar la inclusi\u00f3n en la comuna, inici\u00f3 una iniciativa pionera en &hellip;<\/p>\n","protected":false},"author":2,"featured_media":4637,"comment_status":"open","ping_status":"open","sticky":false,"template":"","format":"standard","meta":{"spay_email":""},"categories":[2],"tags":[8],"jetpack_featured_media_url":"https:\/\/lavozdesanesteban.cl\/wp-content\/uploads\/2025\/03\/PROGRAMA-CUIDADORA-DE-RESPIRO.jpeg","_links":{"self":[{"href":"https:\/\/lavozdesanesteban.cl\/index.php\/wp-json\/wp\/v2\/posts\/4636"}],"collection":[{"href":"https:\/\/lavozdesanesteban.cl\/index.php\/wp-json\/wp\/v2\/posts"}],"about":[{"href":"https:\/\/lavozdesanesteban.cl\/index.php\/wp-json\/wp\/v2\/types\/post"}],"author":[{"embeddable":true,"href":"https:\/\/lavozdesanesteban.cl\/index.php\/wp-json\/wp\/v2\/users\/2"}],"replies":[{"embeddable":true,"href":"https:\/\/lavozdesanesteban.cl\/index.php\/wp-json\/wp\/v2\/comments?post=4636"}],"version-history":[{"count":1,"href":"https:\/\/lavozdesanesteban.cl\/index.php\/wp-json\/wp\/v2\/posts\/4636\/revisions"}],"predecessor-version":[{"id":4638,"href":"https:\/\/lavozdesanesteban.cl\/index.php\/wp-json\/wp\/v2\/posts\/4636\/revisions\/4638"}],"wp:featuredmedia":[{"embeddable":true,"href":"https:\/\/lavozdesanesteban.cl\/index.php\/wp-json\/wp\/v2\/media\/4637"}],"wp:attachment":[{"href":"https:\/\/lavozdesanesteban.cl\/index.php\/wp-json\/wp\/v2\/media?parent=4636"}],"wp:term":[{"taxonomy":"category","embeddable":true,"href":"https:\/\/lavozdesanesteban.cl\/index.php\/wp-json\/wp\/v2\/categories?post=4636"},{"taxonomy":"post_tag","embeddable":true,"href":"https:\/\/lavozdesanesteban.cl\/index.php\/wp-json\/wp\/v2\/tags?post=4636"}],"curies":[{"name":"wp","href":"https:\/\/api.w.org\/{rel}","templated":true}]}}