{"id":4639,"date":"2025-03-21T02:04:14","date_gmt":"2025-03-21T02:04:14","guid":{"rendered":"https:\/\/lavozdesanesteban.cl\/?p=4639"},"modified":"2025-03-21T02:04:16","modified_gmt":"2025-03-21T02:04:16","slug":"departamento-de-salud-de-san-esteban-adquirio-un-moderno-vehiculo-fiscal-para-mejorar-servicios-de-salud-en-camino-internacional","status":"publish","type":"post","link":"https:\/\/lavozdesanesteban.cl\/index.php\/2025\/03\/21\/departamento-de-salud-de-san-esteban-adquirio-un-moderno-vehiculo-fiscal-para-mejorar-servicios-de-salud-en-camino-internacional\/","title":{"rendered":"Departamento de Salud de San Esteban adquiri\u00f3 un moderno veh\u00edculo fiscal para mejorar servicios de salud en Camino Internacional"},"content":{"rendered":"\n<p><\/p>\n\n\n\n<ul><li>La nueva camioneta 4&#215;4, que se sumar\u00e1 a los servicios de salud en la posta de R\u00edo Colorado, fortalecer\u00e1 el acceso a la atenci\u00f3n m\u00e9dica en zonas de dif\u00edcil acceso, beneficiando a toda la comunidad.<\/li><\/ul>\n\n\n\n<p>En una ceremonia, encabezada por el alcalde de San Esteban, Christian Ortega, junto al director del departamento de salud, Bernardo Vargas, fue inaugurado el nuevo veh\u00edculo fiscal que prestar\u00e1 servicios esenciales en el \u00e1rea de salud de la Posta de R\u00edo Colorado, en el sector de Camino Internacional.<\/p>\n\n\n\n<p>Se trata de una camioneta 4&#215;4 marca Toyota, y representa un importante avance en la mejora del acceso a los servicios de salud para las comunidades de la zona. Este <a><\/a>proyecto fue posible gracias a la gesti\u00f3n del Departamento de Salud y el compromiso de la administraci\u00f3n municipal por impulsar fuertemente esta iniciativa.<\/p>\n\n\n\n<p>\u00abEstamos muy contentos con el apoyo que hemos recibido de nuestra m\u00e1xima autoridad. Esta camioneta nos permitir\u00e1 mejorar la prestaci\u00f3n de servicios de salud en los sectores m\u00e1s complejos de alcanzar, especialmente en \u00e1reas rurales y de dif\u00edcil acceso. Queremos garantizar que toda la comunidad de Camino Internacional tenga acceso a atenci\u00f3n de salud\u00bb, expres\u00f3 Bernardo Vargas, director del Departamento de Salud.<\/p>\n\n\n\n<p>El alcalde, Christian Ortega, tambi\u00e9n destac\u00f3 el compromiso de la gesti\u00f3n municipal: \u00abHoy estamos cumpliendo una promesa que ten\u00edamos con la comunidad de Camino Internacional. Este veh\u00edculo 4&#215;4 facilitar\u00e1 el acceso a los sectores m\u00e1s remotos, especialmente en temporada de invierno, lo que sin duda mejorar\u00e1 la atenci\u00f3n en salud de nuestras comunidades.\u00bb<\/p>\n\n\n\n<p>Por su parte, la comunidad mostr\u00f3 su satisfacci\u00f3n y agradecimiento por la adquisici\u00f3n del veh\u00edculo. Nicol P\u00e1ez, Encargada del Sector 1 del CESFAM de San Esteban, se\u00f1al\u00f3: \u00abEste veh\u00edculo ser\u00e1 de gran utilidad para nuestra comunidad, especialmente debido a las dificultades de acceso en nuestra zona. Est\u00e1bamos esperando este apoyo con mucho entusiasmo, y estamos muy agradecidos por la gesti\u00f3n y el compromiso del alcalde.\u00bb<\/p>\n\n\n\n<p>Con la entrega de este veh\u00edculo, se busca continuar avanzando hacia una comuna m\u00e1s conectada y con mejor calidad de vida para todos sus habitantes.<\/p>\n","protected":false},"excerpt":{"rendered":"<p>La nueva camioneta 4&#215;4, que se sumar\u00e1 a los servicios de salud en la posta de R\u00edo Colorado, fortalecer\u00e1 el acceso a la atenci\u00f3n m\u00e9dica en zonas de dif\u00edcil acceso, beneficiando a toda la comunidad. En una ceremonia, encabezada por el alcalde de San Esteban, Christian Ortega, junto al director del departamento de salud, Bernardo &hellip;<\/p>\n","protected":false},"author":2,"featured_media":4640,"comment_status":"open","ping_status":"open","sticky":false,"template":"","format":"standard","meta":{"spay_email":""},"categories":[5],"tags":[8],"jetpack_featured_media_url":"https:\/\/lavozdesanesteban.cl\/wp-content\/uploads\/2025\/03\/SALUD-scaled.jpg","_links":{"self":[{"href":"https:\/\/lavozdesanesteban.cl\/index.php\/wp-json\/wp\/v2\/posts\/4639"}],"collection":[{"href":"https:\/\/lavozdesanesteban.cl\/index.php\/wp-json\/wp\/v2\/posts"}],"about":[{"href":"https:\/\/lavozdesanesteban.cl\/index.php\/wp-json\/wp\/v2\/types\/post"}],"author":[{"embeddable":true,"href":"https:\/\/lavozdesanesteban.cl\/index.php\/wp-json\/wp\/v2\/users\/2"}],"replies":[{"embeddable":true,"href":"https:\/\/lavozdesanesteban.cl\/index.php\/wp-json\/wp\/v2\/comments?post=4639"}],"version-history":[{"count":1,"href":"https:\/\/lavozdesanesteban.cl\/index.php\/wp-json\/wp\/v2\/posts\/4639\/revisions"}],"predecessor-version":[{"id":4641,"href":"https:\/\/lavozdesanesteban.cl\/index.php\/wp-json\/wp\/v2\/posts\/4639\/revisions\/4641"}],"wp:featuredmedia":[{"embeddable":true,"href":"https:\/\/lavozdesanesteban.cl\/index.php\/wp-json\/wp\/v2\/media\/4640"}],"wp:attachment":[{"href":"https:\/\/lavozdesanesteban.cl\/index.php\/wp-json\/wp\/v2\/media?parent=4639"}],"wp:term":[{"taxonomy":"category","embeddable":true,"href":"https:\/\/lavozdesanesteban.cl\/index.php\/wp-json\/wp\/v2\/categories?post=4639"},{"taxonomy":"post_tag","embeddable":true,"href":"https:\/\/lavozdesanesteban.cl\/index.php\/wp-json\/wp\/v2\/tags?post=4639"}],"curies":[{"name":"wp","href":"https:\/\/api.w.org\/{rel}","templated":true}]}}