{"id":4642,"date":"2025-03-21T02:07:51","date_gmt":"2025-03-21T02:07:51","guid":{"rendered":"https:\/\/lavozdesanesteban.cl\/?p=4642"},"modified":"2025-03-21T02:07:52","modified_gmt":"2025-03-21T02:07:52","slug":"calle-larga-sera-la-primera-comuna-de-la-provincia-en-contar-con-un-centro-diurno-para-personas-mayores","status":"publish","type":"post","link":"https:\/\/lavozdesanesteban.cl\/index.php\/2025\/03\/21\/calle-larga-sera-la-primera-comuna-de-la-provincia-en-contar-con-un-centro-diurno-para-personas-mayores\/","title":{"rendered":"Calle Larga ser\u00e1 la primera comuna de la provincia en contar con un Centro Diurno para Personas Mayores"},"content":{"rendered":"\n<p><\/p>\n\n\n\n<p><strong>Iniciativa financiada por SENAMA y ejecutada por la Municipalidad busca fortalecer la autonom\u00eda y calidad de vida de las personas mayores de la comuna.<\/strong><\/p>\n\n\n\n<p>Como parte del permanente compromiso de la Municipalidad de Calle Larga por mejorar la calidad de vida de sus personas mayores, en los pr\u00f3ximos meses se pondr\u00e1 en marcha el primer Centro Diurno para Personas Mayores de la provincia, proyecto desarrollado en conjunto con el Servicio Nacional del Adulto Mayor (SENAMA).<\/p>\n\n\n\n<p>Este espacio, que funcionar\u00e1 de lunes a viernes en la sede comunitaria de la poblaci\u00f3n El Pimiento, est\u00e1 orientado a entregar atenci\u00f3n y herramientas a personas mayores en situaci\u00f3n de dependencia leve o moderada, promoviendo su autonom\u00eda, independencia y facilitando la integraci\u00f3n social. Adem\u00e1s, se desarrollar\u00e1n acciones de prevenci\u00f3n de problemas de salud mental, favoreciendo un envejecimiento activo y saludable.<\/p>\n\n\n\n<p>\u201cEstamos orgullosos de ser la primera comuna de la provincia en implementar un Centro Diurno para Personas Mayores junto a SENAMA. En Calle Larga, desde hace a\u00f1os nos hemos preocupado de cuidar a nuestros adultos mayores, y este era un sue\u00f1o que ven\u00edamos trabajando junto a la Uni\u00f3n Comunal de Adultos Mayores. Por eso, estamos felices de concretarlo y seguiremos esforz\u00e1ndonos para que este espacio crezca y se fortalezca d\u00eda a d\u00eda en nuestra comuna\u201d, se\u00f1al\u00f3 la alcaldesa Dina Gonz\u00e1lez Alfaro.<\/p>\n\n\n\n<p>El Centro Diurno contar\u00e1 con un equipo de profesionales especializados, quienes realizar\u00e1n talleres de estimulaci\u00f3n cognitiva, motricidad, actividades f\u00edsicas, apoyo kinesiol\u00f3gico, entre otros, para fomentar la autonom\u00eda y mejorar el bienestar integral de las personas mayores, contribuyendo al desarrollo de estilos de vida saludables.<\/p>\n\n\n\n<p>Las personas interesadas en conocer m\u00e1s sobre esta iniciativa o en inscribirse, pueden acercarse de lunes a viernes, entre las 8:30 y 13:30 horas, a la Direcci\u00f3n de Desarrollo Comunitario (DIDECO), ubicada en calle La Pampilla 164.<\/p>\n","protected":false},"excerpt":{"rendered":"<p>Iniciativa financiada por SENAMA y ejecutada por la Municipalidad busca fortalecer la autonom\u00eda y calidad de vida de las personas mayores de la comuna. Como parte del permanente compromiso de la Municipalidad de Calle Larga por mejorar la calidad de vida de sus personas mayores, en los pr\u00f3ximos meses se pondr\u00e1 en marcha el primer &hellip;<\/p>\n","protected":false},"author":2,"featured_media":4643,"comment_status":"open","ping_status":"open","sticky":false,"template":"","format":"standard","meta":{"spay_email":""},"categories":[7],"tags":[8],"jetpack_featured_media_url":"https:\/\/lavozdesanesteban.cl\/wp-content\/uploads\/2025\/03\/ADULTO.jpeg","_links":{"self":[{"href":"https:\/\/lavozdesanesteban.cl\/index.php\/wp-json\/wp\/v2\/posts\/4642"}],"collection":[{"href":"https:\/\/lavozdesanesteban.cl\/index.php\/wp-json\/wp\/v2\/posts"}],"about":[{"href":"https:\/\/lavozdesanesteban.cl\/index.php\/wp-json\/wp\/v2\/types\/post"}],"author":[{"embeddable":true,"href":"https:\/\/lavozdesanesteban.cl\/index.php\/wp-json\/wp\/v2\/users\/2"}],"replies":[{"embeddable":true,"href":"https:\/\/lavozdesanesteban.cl\/index.php\/wp-json\/wp\/v2\/comments?post=4642"}],"version-history":[{"count":1,"href":"https:\/\/lavozdesanesteban.cl\/index.php\/wp-json\/wp\/v2\/posts\/4642\/revisions"}],"predecessor-version":[{"id":4644,"href":"https:\/\/lavozdesanesteban.cl\/index.php\/wp-json\/wp\/v2\/posts\/4642\/revisions\/4644"}],"wp:featuredmedia":[{"embeddable":true,"href":"https:\/\/lavozdesanesteban.cl\/index.php\/wp-json\/wp\/v2\/media\/4643"}],"wp:attachment":[{"href":"https:\/\/lavozdesanesteban.cl\/index.php\/wp-json\/wp\/v2\/media?parent=4642"}],"wp:term":[{"taxonomy":"category","embeddable":true,"href":"https:\/\/lavozdesanesteban.cl\/index.php\/wp-json\/wp\/v2\/categories?post=4642"},{"taxonomy":"post_tag","embeddable":true,"href":"https:\/\/lavozdesanesteban.cl\/index.php\/wp-json\/wp\/v2\/tags?post=4642"}],"curies":[{"name":"wp","href":"https:\/\/api.w.org\/{rel}","templated":true}]}}