{"id":4645,"date":"2025-03-21T02:11:28","date_gmt":"2025-03-21T02:11:28","guid":{"rendered":"https:\/\/lavozdesanesteban.cl\/?p=4645"},"modified":"2025-03-21T02:11:30","modified_gmt":"2025-03-21T02:11:30","slug":"en-abril-comienzan-las-obras-de-mejoramiento-en-la-biblioteca-publica-hermano-emeterio-jose","status":"publish","type":"post","link":"https:\/\/lavozdesanesteban.cl\/index.php\/2025\/03\/21\/en-abril-comienzan-las-obras-de-mejoramiento-en-la-biblioteca-publica-hermano-emeterio-jose\/","title":{"rendered":"En abril comienzan las obras de mejoramiento en la Biblioteca P\u00fablica Hermano Emeterio Jos\u00e9"},"content":{"rendered":"\n<p><\/p>\n\n\n\n<p>A partir de abril, la Biblioteca P\u00fablica Hermano Emeterio Jos\u00e9 iniciar\u00e1 un proceso de renovaci\u00f3n y mejoramiento integral, con una inversi\u00f3n superior a los $420 millones de pesos provenientes de los fondos del Gobierno Regional. Estas obras, que tendr\u00e1n una duraci\u00f3n estimada de seis meses, permitir\u00e1n actualizar y optimizar la infraestructura de este importante centro cultural, con el objetivo de ofrecer mejores condiciones tanto para los usuarios como para el personal que trabaja en el establecimiento.<\/p>\n\n\n\n<p>Entre las principales intervenciones que se llevar\u00e1n a cabo se encuentran la reparaci\u00f3n y mejora de terrazas, la canalizaci\u00f3n de aguas lluvias, la renovaci\u00f3n del pavimento interior y la impermeabilizaci\u00f3n de diversas \u00e1reas. Tambi\u00e9n se realizar\u00e1n mejoras en la techumbre, el reemplazo de cielos en el nivel 3, y un completo mantenimiento de ventanas y ventanales. Adem\u00e1s, se renovar\u00e1 el mobiliario, se reparar\u00e1n los muros y se aplicar\u00e1 nueva pintura, junto con la actualizaci\u00f3n de sistemas de climatizaci\u00f3n, la renovaci\u00f3n del sistema el\u00e9ctrico y mejoras en los accesos y la seguridad.<\/p>\n\n\n\n<p>Manuel Rivera, alcalde de Los Andes coment\u00f3 que \u201cdespu\u00e9s de muchos a\u00f1os sin mantenciones, hemos logrado postular a fondos regionales para realizar una inversi\u00f3n cercana a los 500 millones de pesos en la Biblioteca P\u00fablica Hermano Emeterio Jos\u00e9. El deterioro que ha sufrido la infraestructura en los \u00faltimos a\u00f1os, con problemas como filtraciones, evacuaci\u00f3n de aguas lluvias y fallos en el sistema el\u00e9ctrico, hac\u00eda urgente una intervenci\u00f3n. Esta biblioteca, que inauguramos en 2004 como un referente para la comunidad, necesitaba una reparaci\u00f3n integral que asegure su buen estado para los pr\u00f3ximos a\u00f1os. Adem\u00e1s, aprovecharemos esta oportunidad para mejorar el acceso al Cerro La Virgen, un proyecto clave dentro del plan de desarrollo de nuestro parque Cerro La Virgen, del cual la biblioteca es una parte fundamental\u201d.<\/p>\n\n\n\n<p>Agreg\u00f3 que \u201ces una excelente noticia para nuestra comunidad, aunque es importante se\u00f1alar que, durante los pr\u00f3ximos meses de trabajo, la biblioteca permanecer\u00e1 cerrada. Sin embargo, en los pr\u00f3ximos d\u00edas daremos a conocer la nueva ubicaci\u00f3n temporal donde seguiremos ofreciendo el servicio con la misma calidad que siempre ha caracterizado a la Biblioteca Municipal Hermano Emeterio Jos\u00e9. Agradecemos la paciencia de todos y les aseguramos que esta renovaci\u00f3n traer\u00e1 importantes beneficios a todos los usuarios de este espacio cultural\u201d, finaliz\u00f3 el jefe comunal.<\/p>\n","protected":false},"excerpt":{"rendered":"<p>A partir de abril, la Biblioteca P\u00fablica Hermano Emeterio Jos\u00e9 iniciar\u00e1 un proceso de renovaci\u00f3n y mejoramiento integral, con una inversi\u00f3n superior a los $420 millones de pesos provenientes de los fondos del Gobierno Regional. Estas obras, que tendr\u00e1n una duraci\u00f3n estimada de seis meses, permitir\u00e1n actualizar y optimizar la infraestructura de este importante centro &hellip;<\/p>\n","protected":false},"author":2,"featured_media":4646,"comment_status":"open","ping_status":"open","sticky":false,"template":"","format":"standard","meta":{"spay_email":""},"categories":[7],"tags":[8],"jetpack_featured_media_url":"https:\/\/lavozdesanesteban.cl\/wp-content\/uploads\/2025\/03\/BLIOTECA.jpeg","_links":{"self":[{"href":"https:\/\/lavozdesanesteban.cl\/index.php\/wp-json\/wp\/v2\/posts\/4645"}],"collection":[{"href":"https:\/\/lavozdesanesteban.cl\/index.php\/wp-json\/wp\/v2\/posts"}],"about":[{"href":"https:\/\/lavozdesanesteban.cl\/index.php\/wp-json\/wp\/v2\/types\/post"}],"author":[{"embeddable":true,"href":"https:\/\/lavozdesanesteban.cl\/index.php\/wp-json\/wp\/v2\/users\/2"}],"replies":[{"embeddable":true,"href":"https:\/\/lavozdesanesteban.cl\/index.php\/wp-json\/wp\/v2\/comments?post=4645"}],"version-history":[{"count":1,"href":"https:\/\/lavozdesanesteban.cl\/index.php\/wp-json\/wp\/v2\/posts\/4645\/revisions"}],"predecessor-version":[{"id":4647,"href":"https:\/\/lavozdesanesteban.cl\/index.php\/wp-json\/wp\/v2\/posts\/4645\/revisions\/4647"}],"wp:featuredmedia":[{"embeddable":true,"href":"https:\/\/lavozdesanesteban.cl\/index.php\/wp-json\/wp\/v2\/media\/4646"}],"wp:attachment":[{"href":"https:\/\/lavozdesanesteban.cl\/index.php\/wp-json\/wp\/v2\/media?parent=4645"}],"wp:term":[{"taxonomy":"category","embeddable":true,"href":"https:\/\/lavozdesanesteban.cl\/index.php\/wp-json\/wp\/v2\/categories?post=4645"},{"taxonomy":"post_tag","embeddable":true,"href":"https:\/\/lavozdesanesteban.cl\/index.php\/wp-json\/wp\/v2\/tags?post=4645"}],"curies":[{"name":"wp","href":"https:\/\/api.w.org\/{rel}","templated":true}]}}