{"id":4648,"date":"2025-03-21T02:15:40","date_gmt":"2025-03-21T02:15:40","guid":{"rendered":"https:\/\/lavozdesanesteban.cl\/?p=4648"},"modified":"2025-03-21T02:15:41","modified_gmt":"2025-03-21T02:15:41","slug":"alcaldesa-dina-gonzalez-se-reunio-con-director-general-de-carabineros-para-mejorar-la-seguridad-en-calle-larga","status":"publish","type":"post","link":"https:\/\/lavozdesanesteban.cl\/index.php\/2025\/03\/21\/alcaldesa-dina-gonzalez-se-reunio-con-director-general-de-carabineros-para-mejorar-la-seguridad-en-calle-larga\/","title":{"rendered":"Alcaldesa Dina Gonz\u00e1lez se reuni\u00f3 con Director General de Carabineros para mejorar la seguridad en Calle Larga"},"content":{"rendered":"\n<p><\/p>\n\n\n\n<p>Con el objetivo de avanzar en soluciones concretas para mejorar la seguridad en la comuna y la provincia, la alcaldesa de Calle Larga, Dina Gonz\u00e1lez Alfaro, particip\u00f3 en una reuni\u00f3n clave entre el director general de Carabineros y la Asociaci\u00f3n de Municipalidades Rurales (AMUR), en la que adem\u00e1s represent\u00f3 a la Quinta Regi\u00f3n.<\/p>\n\n\n\n<p>Durante el encuentro, se abordaron las principales problem\u00e1ticas de seguridad que afectan a las comunas rurales, haciendo hincapi\u00e9 en la necesidad de mayor presencia policial, infraestructura adecuada y recursos para fortalecer la prevenci\u00f3n del delito.<\/p>\n\n\n\n<p>\u201cEs fundamental que las comunas rurales seamos escuchadas y que nuestras necesidades sean consideradas en las estrategias de seguridad a nivel nacional. En Calle Larga, seguimos trabajando para gestionar m\u00e1s recursos y presencia policial, porque la tranquilidad de nuestra comunidad es una prioridad\u201d, destac\u00f3 la alcaldesa Dina Gonz\u00e1lez Alfaro.<\/p>\n\n\n\n<p>Asimismo, la jefa comunal enfatiz\u00f3 uno de los compromisos logrados en la reuni\u00f3n: <strong>gestionar el restablecimiento de un teniente en la comuna<\/strong>, lo que permitir\u00e1 mejorar la coordinaci\u00f3n con Carabineros y reforzar las estrategias de seguridad en el territorio.<\/p>\n\n\n\n<p>\u201cFue una reuni\u00f3n en la que pudimos plantear las situaciones complejas que viven nuestras comunas rurales, que tienen una realidad distinta a las ciudades y requieren un tratamiento diferente en materia de seguridad. Uno de los avances importantes que logramos es que vamos a trabajar para restablecer la posibilidad de tener un teniente en nuestra comuna, algo que no hemos tenido en los \u00faltimos a\u00f1os, ya que solo contamos con un carabinero encargado. Creemos que con un teniente podremos mejorar el trabajo conjunto con Carabineros y seguir avanzando en hacer de Calle Larga un lugar cada d\u00eda mejor\u201d, agreg\u00f3 la alcaldesa.<\/p>\n\n\n\n<p>La participaci\u00f3n de la alcaldesa en esta reuni\u00f3n se suma a una serie de gestiones que la Municipalidad de Calle Larga ha impulsado para mejorar la seguridad en la comuna, reforzando su compromiso con la protecci\u00f3n y bienestar de la comunidad.<\/p>\n","protected":false},"excerpt":{"rendered":"<p>Con el objetivo de avanzar en soluciones concretas para mejorar la seguridad en la comuna y la provincia, la alcaldesa de Calle Larga, Dina Gonz\u00e1lez Alfaro, particip\u00f3 en una reuni\u00f3n clave entre el director general de Carabineros y la Asociaci\u00f3n de Municipalidades Rurales (AMUR), en la que adem\u00e1s represent\u00f3 a la Quinta Regi\u00f3n. Durante el &hellip;<\/p>\n","protected":false},"author":2,"featured_media":4649,"comment_status":"open","ping_status":"open","sticky":false,"template":"","format":"standard","meta":{"spay_email":""},"categories":[7],"tags":[8],"jetpack_featured_media_url":"https:\/\/lavozdesanesteban.cl\/wp-content\/uploads\/2025\/03\/REUNION-DIRECTOR-GRAL-scaled.jpeg","_links":{"self":[{"href":"https:\/\/lavozdesanesteban.cl\/index.php\/wp-json\/wp\/v2\/posts\/4648"}],"collection":[{"href":"https:\/\/lavozdesanesteban.cl\/index.php\/wp-json\/wp\/v2\/posts"}],"about":[{"href":"https:\/\/lavozdesanesteban.cl\/index.php\/wp-json\/wp\/v2\/types\/post"}],"author":[{"embeddable":true,"href":"https:\/\/lavozdesanesteban.cl\/index.php\/wp-json\/wp\/v2\/users\/2"}],"replies":[{"embeddable":true,"href":"https:\/\/lavozdesanesteban.cl\/index.php\/wp-json\/wp\/v2\/comments?post=4648"}],"version-history":[{"count":1,"href":"https:\/\/lavozdesanesteban.cl\/index.php\/wp-json\/wp\/v2\/posts\/4648\/revisions"}],"predecessor-version":[{"id":4650,"href":"https:\/\/lavozdesanesteban.cl\/index.php\/wp-json\/wp\/v2\/posts\/4648\/revisions\/4650"}],"wp:featuredmedia":[{"embeddable":true,"href":"https:\/\/lavozdesanesteban.cl\/index.php\/wp-json\/wp\/v2\/media\/4649"}],"wp:attachment":[{"href":"https:\/\/lavozdesanesteban.cl\/index.php\/wp-json\/wp\/v2\/media?parent=4648"}],"wp:term":[{"taxonomy":"category","embeddable":true,"href":"https:\/\/lavozdesanesteban.cl\/index.php\/wp-json\/wp\/v2\/categories?post=4648"},{"taxonomy":"post_tag","embeddable":true,"href":"https:\/\/lavozdesanesteban.cl\/index.php\/wp-json\/wp\/v2\/tags?post=4648"}],"curies":[{"name":"wp","href":"https:\/\/api.w.org\/{rel}","templated":true}]}}