{"id":4661,"date":"2025-04-02T02:42:08","date_gmt":"2025-04-02T02:42:08","guid":{"rendered":"https:\/\/lavozdesanesteban.cl\/?p=4661"},"modified":"2025-04-02T02:42:10","modified_gmt":"2025-04-02T02:42:10","slug":"cesfam-de-san-esteban-inaugura-estrategia-de-gestion-remota-telesalud","status":"publish","type":"post","link":"https:\/\/lavozdesanesteban.cl\/index.php\/2025\/04\/02\/cesfam-de-san-esteban-inaugura-estrategia-de-gestion-remota-telesalud\/","title":{"rendered":"CESFAM de San Esteban inaugura Estrategia de Gesti\u00f3n Remota \u201ctelesalud\u201d"},"content":{"rendered":"\n<p><\/p>\n\n\n\n<ul><li>La nueva plataforma permitir\u00e1 a los usuarios gestionar diversas atenciones desde la comodidad de su hogar, optimizando el acceso a los servicios de salud y garantizando una atenci\u00f3n m\u00e1s r\u00e1pida y eficiente<em>.<\/em><\/li><\/ul>\n\n\n\n<p>El CESFAM de San Esteban celebr\u00f3 la inauguraci\u00f3n de su Estrategia de Gesti\u00f3n Remota de la Demanda, conocida como \u201cTelesalud\u201d, en una ceremonia realizada en sus instalaciones. Esta iniciativa representa un avance significativo en la atenci\u00f3n de salud. Su implementaci\u00f3n tiene como objetivo mejorar el acceso y la calidad de la atenci\u00f3n, facilitando la gesti\u00f3n de salud de los usuarios de manera remota.<\/p>\n\n\n\n<p>La plataforma de \u00abTelesalud\u00bb ha sido dise\u00f1ada para ser accesible y f\u00e1cil de usar, permitiendo que los usuarios realicen m\u00faltiples gestiones desde la comodidad de su hogar. Entre los servicios disponibles se incluyen la renovaci\u00f3n de recetas m\u00e9dicas, la solicitud de certificados de patolog\u00edas cr\u00f3nicas, la obtenci\u00f3n de certificados de inscripci\u00f3n y control sano, la revisi\u00f3n de ex\u00e1menes m\u00e9dicos, la respuesta r\u00e1pida a restados de interconsultas, entre otros.<\/p>\n\n\n\n<p>Para garantizar el correcto funcionamiento de este servicio, el CESFAM de San Esteban ha dispuesto de una sala dedicada y un equipo de profesionales capacitados para atender todas las solicitudes. Desde que se implement\u00f3 la fase de marcha blanca el 17 de enero, se han atendido 167 solicitudes, lo que refleja el impacto inmediato y la aceptaci\u00f3n de la comunidad.<\/p>\n\n\n\n<p>Bernardo Vargas Ram\u00edrez, director del CESFAM de San Esteban, destac\u00f3 el \u00e9xito de los primeros dos meses de funcionamiento, mencionando que \u201cllevamos con marcha blanca dos meses, casi 200 consultas atendidas en este periodo, con un tiempo de resoluci\u00f3n menor a 48 horas, lo cual es un excelente tiempo para dar respuesta a los requerimientos de la comunidad\u201d. Adem\u00e1s, expres\u00f3 que la meta es que, para finales de a\u00f1o, se alcancen al menos 5.000 consultas.<\/p>\n\n\n\n<p>Por su parte, Elizabeth Marilu\u00e1n, Referente de Salud Digital del Servicio de Salud Aconcagua, coment\u00f3 \u201ceste es el noveno establecimiento que apertura la estrategia de telesalud. Llevamos alrededor de 29.000 solicitudes en plataforma en todos los establecimientos que tienen la estrategia implementada y la mayor parte de las solicitudes se resuelve por llamado telef\u00f3nico y eso significa que el usuario no tiene que venir de manera presencial para resolver su solicitud de atenci\u00f3n.\u201d, afirm\u00f3 Marilu\u00e1n.<\/p>\n\n\n\n<p>Tras la implementaci\u00f3n oficial de esta iniciativa se busca optimizar el acceso a los servicios de salud y garantizar que cada persona reciba atenci\u00f3n en el momento adecuado, sin tener que desplazarse f\u00edsicamente a las instalaciones. Esta iniciativa marca representa un paso hacia la modernizaci\u00f3n y accesibilidad de la atenci\u00f3n sanitaria en la comuna, y se espera que contin\u00fae beneficiando a una mayor cantidad de usuarios en los pr\u00f3ximos meses.<\/p>\n","protected":false},"excerpt":{"rendered":"<p>La nueva plataforma permitir\u00e1 a los usuarios gestionar diversas atenciones desde la comodidad de su hogar, optimizando el acceso a los servicios de salud y garantizando una atenci\u00f3n m\u00e1s r\u00e1pida y eficiente. El CESFAM de San Esteban celebr\u00f3 la inauguraci\u00f3n de su Estrategia de Gesti\u00f3n Remota de la Demanda, conocida como \u201cTelesalud\u201d, en una ceremonia &hellip;<\/p>\n","protected":false},"author":2,"featured_media":4662,"comment_status":"open","ping_status":"open","sticky":false,"template":"","format":"standard","meta":{"spay_email":""},"categories":[2],"tags":[8],"jetpack_featured_media_url":"https:\/\/lavozdesanesteban.cl\/wp-content\/uploads\/2025\/04\/Inauguracion-TELESALUD-CESFAM-San-Esteban-2-1-scaled.jpg","_links":{"self":[{"href":"https:\/\/lavozdesanesteban.cl\/index.php\/wp-json\/wp\/v2\/posts\/4661"}],"collection":[{"href":"https:\/\/lavozdesanesteban.cl\/index.php\/wp-json\/wp\/v2\/posts"}],"about":[{"href":"https:\/\/lavozdesanesteban.cl\/index.php\/wp-json\/wp\/v2\/types\/post"}],"author":[{"embeddable":true,"href":"https:\/\/lavozdesanesteban.cl\/index.php\/wp-json\/wp\/v2\/users\/2"}],"replies":[{"embeddable":true,"href":"https:\/\/lavozdesanesteban.cl\/index.php\/wp-json\/wp\/v2\/comments?post=4661"}],"version-history":[{"count":1,"href":"https:\/\/lavozdesanesteban.cl\/index.php\/wp-json\/wp\/v2\/posts\/4661\/revisions"}],"predecessor-version":[{"id":4663,"href":"https:\/\/lavozdesanesteban.cl\/index.php\/wp-json\/wp\/v2\/posts\/4661\/revisions\/4663"}],"wp:featuredmedia":[{"embeddable":true,"href":"https:\/\/lavozdesanesteban.cl\/index.php\/wp-json\/wp\/v2\/media\/4662"}],"wp:attachment":[{"href":"https:\/\/lavozdesanesteban.cl\/index.php\/wp-json\/wp\/v2\/media?parent=4661"}],"wp:term":[{"taxonomy":"category","embeddable":true,"href":"https:\/\/lavozdesanesteban.cl\/index.php\/wp-json\/wp\/v2\/categories?post=4661"},{"taxonomy":"post_tag","embeddable":true,"href":"https:\/\/lavozdesanesteban.cl\/index.php\/wp-json\/wp\/v2\/tags?post=4661"}],"curies":[{"name":"wp","href":"https:\/\/api.w.org\/{rel}","templated":true}]}}