{"id":4664,"date":"2025-04-02T02:45:24","date_gmt":"2025-04-02T02:45:24","guid":{"rendered":"https:\/\/lavozdesanesteban.cl\/?p=4664"},"modified":"2025-04-02T02:45:26","modified_gmt":"2025-04-02T02:45:26","slug":"senadis-y-municipio-de-calle-larga-visitaron-a-beneficiario-de-proyecto-que-fomenta-autonomia-y-calidad-de-vida","status":"publish","type":"post","link":"https:\/\/lavozdesanesteban.cl\/index.php\/2025\/04\/02\/senadis-y-municipio-de-calle-larga-visitaron-a-beneficiario-de-proyecto-que-fomenta-autonomia-y-calidad-de-vida\/","title":{"rendered":"SENADIS y Municipio de Calle Larga visitaron a beneficiario de proyecto que fomenta autonom\u00eda y calidad de vida."},"content":{"rendered":"\n<p><\/p>\n\n\n\n<p>Con el objetivo de conocer en terreno los avances de un importante proyecto de apoyo a la inclusi\u00f3n, la directora regional del Servicio Nacional de la Discapacidad (SENADIS) y funcionarios municipales de Calle Larga, visitaron a un beneficiario de la comuna de un proyecto para servicios de apoyo.<\/p>\n\n\n\n<p>Dicho proyecto contempla la asistencia de dos profesionales: un terapeuta ocupacional y un t\u00e9cnico en enfermer\u00eda, quienes brindar\u00e1n acompa\u00f1amiento especializado por un per\u00edodo de 12 meses, favoreciendo la autonom\u00eda y calidad de vida del usuario.<\/p>\n\n\n\n<p>En la instancia, tambi\u00e9n estuvieron presentes el alcalde (s) Pablo Santibalez, la Directora de Desarrollo Comunitario (DIDECO) de la Municipalidad de Calle Larga, Carolina C\u00f3rdova, y la encargada de la Oficina de Discapacidad de la comuna, Merelyn Barrera<\/p>\n\n\n\n<p>La directora regional de SENADIS, Marisol Torres, destac\u00f3 la importancia del trabajo coordinado: \u00abEstamos ac\u00e1 en la comuna de Calle Larga con un equipo de salud conjunto con la municipalidad visitando a una persona vecina de la comuna que necesitaba apoyos puntuales y un trabajo en red y coordinado que nos permite llegar con toda la oferta p\u00fablica para apoyar en su proceso de autonom\u00eda\u00bb.<\/p>\n\n\n\n<p>Por su parte, el beneficiario Juan Ponce expres\u00f3 su gratitud por el acompa\u00f1amiento recibido: \u00abHe ido fortaleciendo y me ha hecho bastante bien al cuerpo y con esa fuerza para poder seguir saliendo adelante. As\u00ed que ha sido fant\u00e1stico. Era algo que ten\u00eda ya como tirado hace bastante tiempo, que estaba sin rehabilitaci\u00f3n, sin terapia y ahora que vengan los muchachos tres a cuatro d\u00edas a la semana, que est\u00e9n ac\u00e1 en casa y d\u00e1ndole a full. Todos los d\u00edas con energ\u00eda y con optimismo y con perseverancia ah\u00ed saliendo adelante. Un fuerte abrazo para todos y nada, que en la vida nada es imposible para Dios y m\u00e1s si uno tambi\u00e9n se lo propone\u00bb.<\/p>\n\n\n\n<p>Desde el municipio, la encargada de la Oficina de Discapacidad de Calle Larga, Merelyn Barrera, destac\u00f3 el compromiso local: \u00abBueno, como municipio estamos muy contentos de poder apoyar a la comuna, de poder apoyar al usuario con disponer de personal para que lo puedan apoyar en su d\u00eda a d\u00eda, para que le puedan generar independencia y le puedan subsanar sus actividades de la vida diaria e instrumental\u00bb.<\/p>\n\n\n\n<p>Este encuentro reflej\u00f3 el compromiso de SENADIS y del municipio de Calle Larga con el fortalecimiento de iniciativas que promuevan la inclusi\u00f3n y el bienestar de las personas en situaci\u00f3n de discapacidad, asegurando el acceso a apoyos esenciales para su desarrollo integral.<\/p>\n","protected":false},"excerpt":{"rendered":"<p>Con el objetivo de conocer en terreno los avances de un importante proyecto de apoyo a la inclusi\u00f3n, la directora regional del Servicio Nacional de la Discapacidad (SENADIS) y funcionarios municipales de Calle Larga, visitaron a un beneficiario de la comuna de un proyecto para servicios de apoyo. Dicho proyecto contempla la asistencia de dos &hellip;<\/p>\n","protected":false},"author":2,"featured_media":4665,"comment_status":"open","ping_status":"open","sticky":false,"template":"","format":"standard","meta":{"spay_email":""},"categories":[7],"tags":[8],"jetpack_featured_media_url":"https:\/\/lavozdesanesteban.cl\/wp-content\/uploads\/2025\/04\/SENADIS-scaled.jpeg","_links":{"self":[{"href":"https:\/\/lavozdesanesteban.cl\/index.php\/wp-json\/wp\/v2\/posts\/4664"}],"collection":[{"href":"https:\/\/lavozdesanesteban.cl\/index.php\/wp-json\/wp\/v2\/posts"}],"about":[{"href":"https:\/\/lavozdesanesteban.cl\/index.php\/wp-json\/wp\/v2\/types\/post"}],"author":[{"embeddable":true,"href":"https:\/\/lavozdesanesteban.cl\/index.php\/wp-json\/wp\/v2\/users\/2"}],"replies":[{"embeddable":true,"href":"https:\/\/lavozdesanesteban.cl\/index.php\/wp-json\/wp\/v2\/comments?post=4664"}],"version-history":[{"count":1,"href":"https:\/\/lavozdesanesteban.cl\/index.php\/wp-json\/wp\/v2\/posts\/4664\/revisions"}],"predecessor-version":[{"id":4666,"href":"https:\/\/lavozdesanesteban.cl\/index.php\/wp-json\/wp\/v2\/posts\/4664\/revisions\/4666"}],"wp:featuredmedia":[{"embeddable":true,"href":"https:\/\/lavozdesanesteban.cl\/index.php\/wp-json\/wp\/v2\/media\/4665"}],"wp:attachment":[{"href":"https:\/\/lavozdesanesteban.cl\/index.php\/wp-json\/wp\/v2\/media?parent=4664"}],"wp:term":[{"taxonomy":"category","embeddable":true,"href":"https:\/\/lavozdesanesteban.cl\/index.php\/wp-json\/wp\/v2\/categories?post=4664"},{"taxonomy":"post_tag","embeddable":true,"href":"https:\/\/lavozdesanesteban.cl\/index.php\/wp-json\/wp\/v2\/tags?post=4664"}],"curies":[{"name":"wp","href":"https:\/\/api.w.org\/{rel}","templated":true}]}}