{"id":467,"date":"2022-03-04T00:31:30","date_gmt":"2022-03-04T00:31:30","guid":{"rendered":"https:\/\/lavozdesanesteban.cl\/?p=467"},"modified":"2022-03-04T00:31:32","modified_gmt":"2022-03-04T00:31:32","slug":"igualdad-de-genero-hoy-para-un-manana-sostenible","status":"publish","type":"post","link":"https:\/\/lavozdesanesteban.cl\/index.php\/2022\/03\/04\/igualdad-de-genero-hoy-para-un-manana-sostenible\/","title":{"rendered":"\u201cIgualdad de g\u00e9nero hoy para un ma\u00f1ana sostenible \u201c"},"content":{"rendered":"\n<p><\/p>\n\n\n\n<p>Bajo este lema dispuesto a nivel mundial para este a\u00f1o 2022, La Ilustre Municipalidad de Santa Mar\u00eda a trav\u00e9s de su alcalde Manuel Leon Sa\u00e1 y el Honorable Concejo Municipal en conjunto con el programa Mujeres jefas de hogar de nuestra comuna les invitan a una entretenida actividad para conmemorar una fecha tan significativa como es el d\u00eda internacional de la mujer.<\/p>\n","protected":false},"excerpt":{"rendered":"<p>Bajo este lema dispuesto a nivel mundial para este a\u00f1o 2022, La Ilustre Municipalidad de Santa Mar\u00eda a trav\u00e9s de su alcalde Manuel Leon Sa\u00e1 y el Honorable Concejo Municipal en conjunto con el programa Mujeres jefas de hogar de nuestra comuna les invitan a una entretenida actividad para conmemorar una fecha tan significativa como &hellip;<\/p>\n","protected":false},"author":2,"featured_media":468,"comment_status":"open","ping_status":"open","sticky":false,"template":"","format":"standard","meta":{"spay_email":""},"categories":[7],"tags":[8],"jetpack_featured_media_url":"https:\/\/lavozdesanesteban.cl\/wp-content\/uploads\/2022\/03\/CICLETADA.jpg","_links":{"self":[{"href":"https:\/\/lavozdesanesteban.cl\/index.php\/wp-json\/wp\/v2\/posts\/467"}],"collection":[{"href":"https:\/\/lavozdesanesteban.cl\/index.php\/wp-json\/wp\/v2\/posts"}],"about":[{"href":"https:\/\/lavozdesanesteban.cl\/index.php\/wp-json\/wp\/v2\/types\/post"}],"author":[{"embeddable":true,"href":"https:\/\/lavozdesanesteban.cl\/index.php\/wp-json\/wp\/v2\/users\/2"}],"replies":[{"embeddable":true,"href":"https:\/\/lavozdesanesteban.cl\/index.php\/wp-json\/wp\/v2\/comments?post=467"}],"version-history":[{"count":1,"href":"https:\/\/lavozdesanesteban.cl\/index.php\/wp-json\/wp\/v2\/posts\/467\/revisions"}],"predecessor-version":[{"id":469,"href":"https:\/\/lavozdesanesteban.cl\/index.php\/wp-json\/wp\/v2\/posts\/467\/revisions\/469"}],"wp:featuredmedia":[{"embeddable":true,"href":"https:\/\/lavozdesanesteban.cl\/index.php\/wp-json\/wp\/v2\/media\/468"}],"wp:attachment":[{"href":"https:\/\/lavozdesanesteban.cl\/index.php\/wp-json\/wp\/v2\/media?parent=467"}],"wp:term":[{"taxonomy":"category","embeddable":true,"href":"https:\/\/lavozdesanesteban.cl\/index.php\/wp-json\/wp\/v2\/categories?post=467"},{"taxonomy":"post_tag","embeddable":true,"href":"https:\/\/lavozdesanesteban.cl\/index.php\/wp-json\/wp\/v2\/tags?post=467"}],"curies":[{"name":"wp","href":"https:\/\/api.w.org\/{rel}","templated":true}]}}