{"id":4674,"date":"2025-05-23T03:23:41","date_gmt":"2025-05-23T03:23:41","guid":{"rendered":"https:\/\/lavozdesanesteban.cl\/?p=4674"},"modified":"2025-05-23T03:23:42","modified_gmt":"2025-05-23T03:23:42","slug":"corporacion-pro-aconcagua-se-suma-al-dia-del-patrimonio-con-actividades-arqueologicas-e-historicas-en-los-andes-y-san-felipe","status":"publish","type":"post","link":"https:\/\/lavozdesanesteban.cl\/index.php\/2025\/05\/23\/corporacion-pro-aconcagua-se-suma-al-dia-del-patrimonio-con-actividades-arqueologicas-e-historicas-en-los-andes-y-san-felipe\/","title":{"rendered":"Corporaci\u00f3n Pro Aconcagua se suma al D\u00eda del Patrimonio con actividades arqueol\u00f3gicas e hist\u00f3ricas en Los Andes y San Felipe"},"content":{"rendered":"\n<p><\/p>\n\n\n\n<ul><li>Charlas y exposiciones buscan reforzar la identidad local a trav\u00e9s del conocimiento y la memoria del territorio.<strong><\/strong><\/li><\/ul>\n\n\n\n<p>Este fin de semana, la Corporaci\u00f3n de Desarrollo Pro Aconcagua celebrar\u00e1 el D\u00eda del Patrimonio con distintas actividades gratuitas abiertas a la comunidad, las que buscan poner en valor la historia y la riqueza arqueol\u00f3gica del Valle de Aconcagua.<\/p>\n\n\n\n<p>Este s\u00e1bado 24 de mayo, la cita ser\u00e1 en la ex Estaci\u00f3n de Ferrocarriles de Los Andes, entre las 10:00 y las 18:00 horas, se podr\u00e1 visitar una muestra sobre los hallazgos arqueol\u00f3gicos de la zona, una exposici\u00f3n fotogr\u00e1fica sobre el hist\u00f3rico tren Trasandino, y participar en una charla a cargo del arque\u00f3logo Marcos Quiroga, quien abordar\u00e1 aspectos relevantes del pasado ferroviario y patrimonial del sector.<\/p>\n\n\n\n<p>Para el domingo 25 de mayo, las actividades se trasladar\u00e1n al Museo Hist\u00f3rico de San Felipe. Entre las 10:00 y las 14:00 horas, se presentar\u00e1 una muestra y charla centradas en el proyecto arqueol\u00f3gico desarrollado por la Corporaci\u00f3n Pro Aconcagua y financiado por Codelco Andina, \u201cR\u00edo Blanco Camino Internacional: Las Casuchas del Rey\u201d, tambi\u00e9n dirigida por el arque\u00f3logo Marcos Quiroga. Esta instancia permitir\u00e1 conocer m\u00e1s sobre estas antiguas construcciones coloniales ubicadas en la cordillera, que fueron clave en las rutas de comunicaci\u00f3n entre Chile y Argentina durante los siglos XVIII y XIX.<\/p>\n\n\n\n<p>Con estas iniciativas, la Corporaci\u00f3n Pro Aconcagua busca acercar la historia local a la ciudadan\u00eda y fomentar el reconocimiento del patrimonio cultural del valle como una herencia viva que debe ser protegida y difundida.<\/p>\n","protected":false},"excerpt":{"rendered":"<p>Charlas y exposiciones buscan reforzar la identidad local a trav\u00e9s del conocimiento y la memoria del territorio. Este fin de semana, la Corporaci\u00f3n de Desarrollo Pro Aconcagua celebrar\u00e1 el D\u00eda del Patrimonio con distintas actividades gratuitas abiertas a la comunidad, las que buscan poner en valor la historia y la riqueza arqueol\u00f3gica del Valle de &hellip;<\/p>\n","protected":false},"author":2,"featured_media":4675,"comment_status":"open","ping_status":"open","sticky":false,"template":"","format":"standard","meta":{"spay_email":""},"categories":[7],"tags":[8],"jetpack_featured_media_url":"https:\/\/lavozdesanesteban.cl\/wp-content\/uploads\/2025\/05\/Referencial.jpg","_links":{"self":[{"href":"https:\/\/lavozdesanesteban.cl\/index.php\/wp-json\/wp\/v2\/posts\/4674"}],"collection":[{"href":"https:\/\/lavozdesanesteban.cl\/index.php\/wp-json\/wp\/v2\/posts"}],"about":[{"href":"https:\/\/lavozdesanesteban.cl\/index.php\/wp-json\/wp\/v2\/types\/post"}],"author":[{"embeddable":true,"href":"https:\/\/lavozdesanesteban.cl\/index.php\/wp-json\/wp\/v2\/users\/2"}],"replies":[{"embeddable":true,"href":"https:\/\/lavozdesanesteban.cl\/index.php\/wp-json\/wp\/v2\/comments?post=4674"}],"version-history":[{"count":1,"href":"https:\/\/lavozdesanesteban.cl\/index.php\/wp-json\/wp\/v2\/posts\/4674\/revisions"}],"predecessor-version":[{"id":4676,"href":"https:\/\/lavozdesanesteban.cl\/index.php\/wp-json\/wp\/v2\/posts\/4674\/revisions\/4676"}],"wp:featuredmedia":[{"embeddable":true,"href":"https:\/\/lavozdesanesteban.cl\/index.php\/wp-json\/wp\/v2\/media\/4675"}],"wp:attachment":[{"href":"https:\/\/lavozdesanesteban.cl\/index.php\/wp-json\/wp\/v2\/media?parent=4674"}],"wp:term":[{"taxonomy":"category","embeddable":true,"href":"https:\/\/lavozdesanesteban.cl\/index.php\/wp-json\/wp\/v2\/categories?post=4674"},{"taxonomy":"post_tag","embeddable":true,"href":"https:\/\/lavozdesanesteban.cl\/index.php\/wp-json\/wp\/v2\/tags?post=4674"}],"curies":[{"name":"wp","href":"https:\/\/api.w.org\/{rel}","templated":true}]}}