{"id":4692,"date":"2025-05-23T03:41:55","date_gmt":"2025-05-23T03:41:55","guid":{"rendered":"https:\/\/lavozdesanesteban.cl\/?p=4692"},"modified":"2025-05-23T03:41:56","modified_gmt":"2025-05-23T03:41:56","slug":"villa-capilla-de-las-nieves-ii-de-calle-larga-inaugura-nueva-sede-comunitaria-con-fuerte-sello-de-participacion-vecinal","status":"publish","type":"post","link":"https:\/\/lavozdesanesteban.cl\/index.php\/2025\/05\/23\/villa-capilla-de-las-nieves-ii-de-calle-larga-inaugura-nueva-sede-comunitaria-con-fuerte-sello-de-participacion-vecinal\/","title":{"rendered":"Villa Capilla de las Nieves II de Calle Larga inaugura nueva sede comunitaria con fuerte sello de participaci\u00f3n vecinal"},"content":{"rendered":"\n<p><\/p>\n\n\n\n<p><strong>El proyecto, dise\u00f1ado por el municipio con financiamiento del Gobierno Regional, se construy\u00f3 incorporando activamente las ideas y necesidades planteadas por la comunidad<\/strong><\/p>\n\n\n\n<p>Durante a\u00f1os, ante la ausencia de una sede propia, las vecinas y vecinos de Villa Capilla de las Nieves II, en la comuna de Calle Larga, utilizaron la capilla del sector como espacio para reuniones y actividades comunitarias. Esta realidad motiv\u00f3 al municipio, a trav\u00e9s de su Secretar\u00eda de Planificaci\u00f3n Comunal (SECPLAN), a trabajar en conjunto con la comunidad en el dise\u00f1o de una nueva sede, que respondiera realmente a sus necesidades y anhelos.<\/p>\n\n\n\n<p>El proyecto fue postulado al Fondo Regional de Iniciativa Local (FRIL) del Gobierno Regional y logr\u00f3 financiamiento por cerca de 106 millones de pesos. Gracias a esta inversi\u00f3n, la villa cuenta hoy con una moderna y acogedora sede de 117,59 metros cuadrados, equipada con ba\u00f1os, cocina, oficina y una p\u00e9rgola, pensada como un espacio de encuentro y convivencia.<\/p>\n\n\n\n<p>Uno de los aspectos m\u00e1s destacados de esta iniciativa fue la activa participaci\u00f3n de las y los vecinos en su elaboraci\u00f3n. A trav\u00e9s de reuniones y encuentros convocados por el municipio, la comunidad tuvo la oportunidad de aportar con ideas, sugerencias y observaciones que fueron clave para definir el dise\u00f1o final del edificio.<\/p>\n\n\n\n<p>\u201cEsta es la primera sede comunitaria que inauguramos bajo esta nueva forma de trabajar, con participaci\u00f3n directa de la comunidad. Las vecinas y vecinos fueron parte de cada etapa del proceso, desde el dise\u00f1o hasta la definici\u00f3n de sus caracter\u00edsticas. Ese es el sello que queremos imprimir a todos nuestros proyectos como administraci\u00f3n\u201d, destac\u00f3 la alcaldesa de Calle Larga, Dina Gonz\u00e1lez Alfaro, quien encabez\u00f3 la ceremonia de inauguraci\u00f3n junto a autoridades locales y la comunidad.<\/p>\n\n\n\n<p>Por su parte, Andrea Navarro Donoso, presidenta de la Junta de Vecinos Villa Capilla de las Nieves II, valor\u00f3 profundamente haber sido parte activa en este proceso:<br>\u201cEste es un proyecto que se pens\u00f3 en comunidad, para las y los vecinos, para las familias y para fortalecer la participaci\u00f3n. Cada propuesta que hicimos como directiva fue escuchada y considerada tanto por la constructora como por el equipo de SECPLAN. Eso nos llena de orgullo y alegr\u00eda\u201d.<\/p>\n\n\n\n<p>La nueva sede ya comenz\u00f3 a ser utilizada por la comunidad, que celebra este importante avance como un logro colectivo y un ejemplo de c\u00f3mo la participaci\u00f3n ciudadana fortalece el desarrollo local.<\/p>\n","protected":false},"excerpt":{"rendered":"<p>El proyecto, dise\u00f1ado por el municipio con financiamiento del Gobierno Regional, se construy\u00f3 incorporando activamente las ideas y necesidades planteadas por la comunidad Durante a\u00f1os, ante la ausencia de una sede propia, las vecinas y vecinos de Villa Capilla de las Nieves II, en la comuna de Calle Larga, utilizaron la capilla del sector como &hellip;<\/p>\n","protected":false},"author":2,"featured_media":4693,"comment_status":"open","ping_status":"open","sticky":false,"template":"","format":"standard","meta":{"spay_email":""},"categories":[7],"tags":[8],"jetpack_featured_media_url":"https:\/\/lavozdesanesteban.cl\/wp-content\/uploads\/2025\/05\/SEDE.jpg","_links":{"self":[{"href":"https:\/\/lavozdesanesteban.cl\/index.php\/wp-json\/wp\/v2\/posts\/4692"}],"collection":[{"href":"https:\/\/lavozdesanesteban.cl\/index.php\/wp-json\/wp\/v2\/posts"}],"about":[{"href":"https:\/\/lavozdesanesteban.cl\/index.php\/wp-json\/wp\/v2\/types\/post"}],"author":[{"embeddable":true,"href":"https:\/\/lavozdesanesteban.cl\/index.php\/wp-json\/wp\/v2\/users\/2"}],"replies":[{"embeddable":true,"href":"https:\/\/lavozdesanesteban.cl\/index.php\/wp-json\/wp\/v2\/comments?post=4692"}],"version-history":[{"count":1,"href":"https:\/\/lavozdesanesteban.cl\/index.php\/wp-json\/wp\/v2\/posts\/4692\/revisions"}],"predecessor-version":[{"id":4694,"href":"https:\/\/lavozdesanesteban.cl\/index.php\/wp-json\/wp\/v2\/posts\/4692\/revisions\/4694"}],"wp:featuredmedia":[{"embeddable":true,"href":"https:\/\/lavozdesanesteban.cl\/index.php\/wp-json\/wp\/v2\/media\/4693"}],"wp:attachment":[{"href":"https:\/\/lavozdesanesteban.cl\/index.php\/wp-json\/wp\/v2\/media?parent=4692"}],"wp:term":[{"taxonomy":"category","embeddable":true,"href":"https:\/\/lavozdesanesteban.cl\/index.php\/wp-json\/wp\/v2\/categories?post=4692"},{"taxonomy":"post_tag","embeddable":true,"href":"https:\/\/lavozdesanesteban.cl\/index.php\/wp-json\/wp\/v2\/tags?post=4692"}],"curies":[{"name":"wp","href":"https:\/\/api.w.org\/{rel}","templated":true}]}}