{"id":4695,"date":"2025-05-23T03:44:52","date_gmt":"2025-05-23T03:44:52","guid":{"rendered":"https:\/\/lavozdesanesteban.cl\/?p=4695"},"modified":"2025-05-23T03:44:53","modified_gmt":"2025-05-23T03:44:53","slug":"equipo-de-robotica-perceptron-de-calle-larga-visito-el-ministerio-de-ciencias-con-miras-a-campeonato-mundial-japon-2026","status":"publish","type":"post","link":"https:\/\/lavozdesanesteban.cl\/index.php\/2025\/05\/23\/equipo-de-robotica-perceptron-de-calle-larga-visito-el-ministerio-de-ciencias-con-miras-a-campeonato-mundial-japon-2026\/","title":{"rendered":"Equipo de rob\u00f3tica Perceptr\u00f3n de Calle Larga visit\u00f3 el Ministerio de Ciencias con miras a Campeonato Mundial Jap\u00f3n 2026"},"content":{"rendered":"\n<p><\/p>\n\n\n\n<p>El equipo de rob\u00f3tica Perceptr\u00f3n, orgullo de la comuna de Calle Larga y de todo el Valle del Aconcagua, visit\u00f3 recientemente el Ministerio de Ciencia, Tecnolog\u00eda, Conocimiento e Innovaci\u00f3n para compartir su experiencia y proyectar el gran desaf\u00edo que se aproxima: representar a Chile y a Latinoam\u00e9rica en el Campeonato Mundial de Rob\u00f3tica B\u00edpeda Robo-One, que se desarrollar\u00e1 en Jap\u00f3n.<\/p>\n\n\n\n<p>La reuni\u00f3n fue encabezada por Ignacio Silva, jefe de gabinete del ministerio, quien valor\u00f3 el trabajo del equipo y comprometi\u00f3 apoyo para vincularlos con organizaciones, fundaciones y entidades que puedan respaldar el viaje del equipo y su participaci\u00f3n en este torneo de car\u00e1cter mundial.<\/p>\n\n\n\n<p>Durante el encuentro, los estudiantes y su coach Vladimir Guajardo relataron el camino que los llev\u00f3 a obtener el primer lugar en el Torneo Internacional Robo-One Ecuador 2024, logro que les otorg\u00f3 el pase directo al mundial en Asia.<\/p>\n\n\n\n<p>El profesor Guajardo expres\u00f3 su entusiasmo tras la visita, dando a conocer que, \u201cestamos s\u00faper contentos. Acabamos de concretar una reuni\u00f3n con Ignacio Silva del Ministerio de Ciencia y Tecnolog\u00eda, en donde nos van a apoyar y nos van a ayudar a poder vincularnos con otras organizaciones, con otras fundaciones, con otros organismos, para poder seguir so\u00f1ando y empezar a concretar ya nuestro viaje para llegar a representar a Calle Larga en el Mundial de Rob\u00f3tica B\u00edpeda que se va a desarrollar en Jap\u00f3n.<\/p>\n\n\n\n<p>As\u00ed que estamos muy agradecidos, muy agradecidos por el apoyo de nuestra Municipalidad de Calle Larga, por el apoyo que nos dio el Ministerio de Ciencia y Tecnolog\u00eda, y que nos va a permitir seguir so\u00f1ando y llegar a concretar nuestra participaci\u00f3n.\u00bb<\/p>\n\n\n\n<p>El equipo Perceptr\u00f3n, integrado por j\u00f3venes talentos de Calle Larga y guiado por una pasi\u00f3n inquebrantable por la tecnolog\u00eda y la rob\u00f3tica, contin\u00faa dando pasos firmes hacia su objetivo: llevar el nombre de Chile, de Calle Larga y de Latinoam\u00e9rica a uno de los escenarios m\u00e1s importantes del mundo en innovaci\u00f3n tecnol\u00f3gica.<\/p>\n","protected":false},"excerpt":{"rendered":"<p>El equipo de rob\u00f3tica Perceptr\u00f3n, orgullo de la comuna de Calle Larga y de todo el Valle del Aconcagua, visit\u00f3 recientemente el Ministerio de Ciencia, Tecnolog\u00eda, Conocimiento e Innovaci\u00f3n para compartir su experiencia y proyectar el gran desaf\u00edo que se aproxima: representar a Chile y a Latinoam\u00e9rica en el Campeonato Mundial de Rob\u00f3tica B\u00edpeda Robo-One, &hellip;<\/p>\n","protected":false},"author":2,"featured_media":4696,"comment_status":"open","ping_status":"open","sticky":false,"template":"","format":"standard","meta":{"spay_email":""},"categories":[7],"tags":[8],"jetpack_featured_media_url":"https:\/\/lavozdesanesteban.cl\/wp-content\/uploads\/2025\/05\/ROBOTICA-scaled.jpeg","_links":{"self":[{"href":"https:\/\/lavozdesanesteban.cl\/index.php\/wp-json\/wp\/v2\/posts\/4695"}],"collection":[{"href":"https:\/\/lavozdesanesteban.cl\/index.php\/wp-json\/wp\/v2\/posts"}],"about":[{"href":"https:\/\/lavozdesanesteban.cl\/index.php\/wp-json\/wp\/v2\/types\/post"}],"author":[{"embeddable":true,"href":"https:\/\/lavozdesanesteban.cl\/index.php\/wp-json\/wp\/v2\/users\/2"}],"replies":[{"embeddable":true,"href":"https:\/\/lavozdesanesteban.cl\/index.php\/wp-json\/wp\/v2\/comments?post=4695"}],"version-history":[{"count":1,"href":"https:\/\/lavozdesanesteban.cl\/index.php\/wp-json\/wp\/v2\/posts\/4695\/revisions"}],"predecessor-version":[{"id":4697,"href":"https:\/\/lavozdesanesteban.cl\/index.php\/wp-json\/wp\/v2\/posts\/4695\/revisions\/4697"}],"wp:featuredmedia":[{"embeddable":true,"href":"https:\/\/lavozdesanesteban.cl\/index.php\/wp-json\/wp\/v2\/media\/4696"}],"wp:attachment":[{"href":"https:\/\/lavozdesanesteban.cl\/index.php\/wp-json\/wp\/v2\/media?parent=4695"}],"wp:term":[{"taxonomy":"category","embeddable":true,"href":"https:\/\/lavozdesanesteban.cl\/index.php\/wp-json\/wp\/v2\/categories?post=4695"},{"taxonomy":"post_tag","embeddable":true,"href":"https:\/\/lavozdesanesteban.cl\/index.php\/wp-json\/wp\/v2\/tags?post=4695"}],"curies":[{"name":"wp","href":"https:\/\/api.w.org\/{rel}","templated":true}]}}