{"id":4698,"date":"2025-05-23T03:48:10","date_gmt":"2025-05-23T03:48:10","guid":{"rendered":"https:\/\/lavozdesanesteban.cl\/?p=4698"},"modified":"2025-05-23T03:48:11","modified_gmt":"2025-05-23T03:48:11","slug":"municipio-de-san-esteban-celebrara-el-dia-de-los-patrimonios-con-completo-programa-de-actividades","status":"publish","type":"post","link":"https:\/\/lavozdesanesteban.cl\/index.php\/2025\/05\/23\/municipio-de-san-esteban-celebrara-el-dia-de-los-patrimonios-con-completo-programa-de-actividades\/","title":{"rendered":"Municipio de San Esteban celebrar\u00e1 el d\u00eda de los patrimonios con completo programa de actividades"},"content":{"rendered":"\n<p><\/p>\n\n\n\n<ul><li>Espacios emblem\u00e1ticos y art\u00edsticos se activar\u00e1n durante el fin del s\u00e1bado 24 de mayo, donde se realizar\u00e1n eventos especiales para toda la familia<em>.<\/em><\/li><\/ul>\n\n\n\n<p>Una variada programaci\u00f3n para celebrar el D\u00eda del Patrimonio en los distintos lugares patrimoniales con los que cuenta la comuna ha preparado el Municipio de San Esteban, para que las vecinas y vecinos puedan disfrutar de su riqueza cultural y natural.<\/p>\n\n\n\n<p>La iniciativa se desarrollar\u00e1 este s\u00e1bado 24 de mayo, desde las 10.00 horas, en la Plaza de Armas, y contar\u00e1 con la realizaci\u00f3n de recorridos patrimoniales y apertura de espacios culturales e hist\u00f3ricos, presentaci\u00f3n de bailes chinos Cruz de Mayo de Los Chacayes, exposici\u00f3n de autos cl\u00e1sicos (4&#215;4, motocicletas y otros), adem\u00e1s de m\u00fasica en vivo y muchas sorpresas.<\/p>\n\n\n\n<p>Al respecto, el encargado de la oficina municipal de cultura, Mauricio Flores, se\u00f1al\u00f3 que \u201cNos complace anunciar esta importante celebraci\u00f3n que nos permite relevar el patrimonio de nuestra comuna. Este reconocimiento nos llena de orgullo, pero tambi\u00e9n implica una gran responsabilidad para brindar una experiencia memorable a quienes nos acompa\u00f1en\u201d.<\/p>\n\n\n\n<p>En ese sentido, el profesional a\u00f1adi\u00f3 que \u201cest\u00e1 todo preparado para que sea una celebraci\u00f3n muy entretenida y did\u00e1ctica. Hay muchos rincones de la comuna que merecen ser recorridos. Adem\u00e1s, hemos desarrollado una interesante gesti\u00f3n con nuestros amigos de la agrupaci\u00f3n de autos cl\u00e1sicos de San Esteban, quienes estar\u00e1n exhibiendo sus veh\u00edculos que son un gran atractivo\u201d, puntualiz\u00f3.<\/p>\n\n\n\n<p>Todo el programa de actividades que se realizar\u00e1 en San Esteban para la celebraci\u00f3n del D\u00eda de los Patrimonios se puede encontrar en las redes sociales del municipio @munisanesteban.<\/p>\n\n\n\n<p>El D\u00eda de los Patrimonios se celebra anualmente y es organizado por el Ministerio de las Culturas, las Artes y el Patrimonio, con el objetivo de promover el disfrute, conocimiento y reflexi\u00f3n ciudadana sobre los patrimonios en Chile.<\/p>\n","protected":false},"excerpt":{"rendered":"<p>Espacios emblem\u00e1ticos y art\u00edsticos se activar\u00e1n durante el fin del s\u00e1bado 24 de mayo, donde se realizar\u00e1n eventos especiales para toda la familia. Una variada programaci\u00f3n para celebrar el D\u00eda del Patrimonio en los distintos lugares patrimoniales con los que cuenta la comuna ha preparado el Municipio de San Esteban, para que las vecinas y &hellip;<\/p>\n","protected":false},"author":2,"featured_media":4699,"comment_status":"open","ping_status":"open","sticky":false,"template":"","format":"standard","meta":{"spay_email":""},"categories":[2],"tags":[8],"jetpack_featured_media_url":"https:\/\/lavozdesanesteban.cl\/wp-content\/uploads\/2025\/05\/dia-de-los-patrimonios.jpg","_links":{"self":[{"href":"https:\/\/lavozdesanesteban.cl\/index.php\/wp-json\/wp\/v2\/posts\/4698"}],"collection":[{"href":"https:\/\/lavozdesanesteban.cl\/index.php\/wp-json\/wp\/v2\/posts"}],"about":[{"href":"https:\/\/lavozdesanesteban.cl\/index.php\/wp-json\/wp\/v2\/types\/post"}],"author":[{"embeddable":true,"href":"https:\/\/lavozdesanesteban.cl\/index.php\/wp-json\/wp\/v2\/users\/2"}],"replies":[{"embeddable":true,"href":"https:\/\/lavozdesanesteban.cl\/index.php\/wp-json\/wp\/v2\/comments?post=4698"}],"version-history":[{"count":1,"href":"https:\/\/lavozdesanesteban.cl\/index.php\/wp-json\/wp\/v2\/posts\/4698\/revisions"}],"predecessor-version":[{"id":4700,"href":"https:\/\/lavozdesanesteban.cl\/index.php\/wp-json\/wp\/v2\/posts\/4698\/revisions\/4700"}],"wp:featuredmedia":[{"embeddable":true,"href":"https:\/\/lavozdesanesteban.cl\/index.php\/wp-json\/wp\/v2\/media\/4699"}],"wp:attachment":[{"href":"https:\/\/lavozdesanesteban.cl\/index.php\/wp-json\/wp\/v2\/media?parent=4698"}],"wp:term":[{"taxonomy":"category","embeddable":true,"href":"https:\/\/lavozdesanesteban.cl\/index.php\/wp-json\/wp\/v2\/categories?post=4698"},{"taxonomy":"post_tag","embeddable":true,"href":"https:\/\/lavozdesanesteban.cl\/index.php\/wp-json\/wp\/v2\/tags?post=4698"}],"curies":[{"name":"wp","href":"https:\/\/api.w.org\/{rel}","templated":true}]}}