{"id":470,"date":"2022-03-04T00:35:21","date_gmt":"2022-03-04T00:35:21","guid":{"rendered":"https:\/\/lavozdesanesteban.cl\/?p=470"},"modified":"2022-03-04T00:35:25","modified_gmt":"2022-03-04T00:35:25","slug":"alcaldesa-castillo-se-reune-con-comerciantes-establecidos-y-acuerdan-trabajo-conjunto-para-enfrentar-problematicas-del-rubro-en-la-comuna","status":"publish","type":"post","link":"https:\/\/lavozdesanesteban.cl\/index.php\/2022\/03\/04\/alcaldesa-castillo-se-reune-con-comerciantes-establecidos-y-acuerdan-trabajo-conjunto-para-enfrentar-problematicas-del-rubro-en-la-comuna\/","title":{"rendered":"Alcaldesa Castillo se re\u00fane con comerciantes establecidos y acuerdan trabajo conjunto para enfrentar problem\u00e1ticas del rubro en la comuna"},"content":{"rendered":"\n<p><\/p>\n\n\n\n<p><strong>Los empresarios se mostraron muy conformes con la posibilidad de exponer sus inquietudes a la autoridad municipal y de comenzar un trabajo serio y coordinado para materializar soluciones a sus conflictos<\/strong><\/p>\n\n\n\n<p>La Alcaldesa Carmen Castillo junto a su equipo municipal conformado por el Administrador Municipal Hern\u00e1n Herrera, el Director Jur\u00eddico Felipe Salaya y la Directora de Desarrollo Comunitario, Mar\u00eda Teresa Urbina Hern\u00e1ndez, adem\u00e1s de los concejales Rafael Sottolichio y Juan Carlos Sabaj, se reunieron con comerciantes establecidos de la comuna y dirigentes de la C\u00e1mara de Comercio de San Felipe, para conocer sus inquietudes y coordinar un trabajo conjunto que permita mejorar las condiciones de este rubro.<\/p>\n\n\n\n<p>Tras la cita, la jefa comunal se mostr\u00f3 conforme con el respeto que imper\u00f3 durante el di\u00e1logo y valor\u00f3 la posibilidad de conocer aquellas necesidades m\u00e1s urgentes y otras cuyas soluciones se puedan llevar a efecto a largo plazo<\/p>\n\n\n\n<p><strong>\u201cEsto nos permite tener un insumo enorme para poder seguir avanzando en mejoras para nuestra ciudad, el comercio ambulante es una de sus preocupaciones y e<a><\/a>n eso debemos tener mucha claridad, pero queremos respetar a todos aquellos que quieran lo mejor para nuestra ciudad\u201d,<\/strong> apunt\u00f3 la alcaldesa.<\/p>\n\n\n\n<p>Hern\u00e1n Gajardo Mart\u00ednez, presidente de la C\u00e1mara de Comercio de San Felipe realiz\u00f3 una evaluaci\u00f3n de la situaci\u00f3n actual del comercio establecido de la comuna, argumentando que \u201c<strong>no son s\u00edntomas aislados, es una enfermedad com\u00fan, donde nosotros los comerciantes no nos hemos preocupado de hacer valer el estado de derecho, a nosotros se nos invade frecuentemente y nosotros los comerciantes hemos dejado de hacer comunidad entre nosotros mismos\u201d<\/strong>.<\/p>\n\n\n\n<p>Por \u00faltimo, Antonio Arancibia, representante de la Empresa tecuidoChile.cl asegur\u00f3 <strong>que \u201cesta reuni\u00f3n ha sido muy fruct\u00edfera porque hemos tenido la capacidad no s\u00f3lo de exponer nuestras cosas, sino que adem\u00e1s, lo hayan entendido, me voy muy feliz porque nos necesitamos mutuamente para enfrentar este flagelo de delincuencia en el damero central, el comercio clandestino que est\u00e1 perjudicando al comercio oficial, pero me voy esperanzado\u201d<\/strong>, concluy\u00f3.<\/p>\n","protected":false},"excerpt":{"rendered":"<p>Los empresarios se mostraron muy conformes con la posibilidad de exponer sus inquietudes a la autoridad municipal y de comenzar un trabajo serio y coordinado para materializar soluciones a sus conflictos La Alcaldesa Carmen Castillo junto a su equipo municipal conformado por el Administrador Municipal Hern\u00e1n Herrera, el Director Jur\u00eddico Felipe Salaya y la Directora &hellip;<\/p>\n","protected":false},"author":2,"featured_media":471,"comment_status":"open","ping_status":"open","sticky":false,"template":"","format":"standard","meta":{"spay_email":""},"categories":[7],"tags":[8],"jetpack_featured_media_url":"https:\/\/lavozdesanesteban.cl\/wp-content\/uploads\/2022\/03\/COMERCIO-scaled.jpg","_links":{"self":[{"href":"https:\/\/lavozdesanesteban.cl\/index.php\/wp-json\/wp\/v2\/posts\/470"}],"collection":[{"href":"https:\/\/lavozdesanesteban.cl\/index.php\/wp-json\/wp\/v2\/posts"}],"about":[{"href":"https:\/\/lavozdesanesteban.cl\/index.php\/wp-json\/wp\/v2\/types\/post"}],"author":[{"embeddable":true,"href":"https:\/\/lavozdesanesteban.cl\/index.php\/wp-json\/wp\/v2\/users\/2"}],"replies":[{"embeddable":true,"href":"https:\/\/lavozdesanesteban.cl\/index.php\/wp-json\/wp\/v2\/comments?post=470"}],"version-history":[{"count":1,"href":"https:\/\/lavozdesanesteban.cl\/index.php\/wp-json\/wp\/v2\/posts\/470\/revisions"}],"predecessor-version":[{"id":472,"href":"https:\/\/lavozdesanesteban.cl\/index.php\/wp-json\/wp\/v2\/posts\/470\/revisions\/472"}],"wp:featuredmedia":[{"embeddable":true,"href":"https:\/\/lavozdesanesteban.cl\/index.php\/wp-json\/wp\/v2\/media\/471"}],"wp:attachment":[{"href":"https:\/\/lavozdesanesteban.cl\/index.php\/wp-json\/wp\/v2\/media?parent=470"}],"wp:term":[{"taxonomy":"category","embeddable":true,"href":"https:\/\/lavozdesanesteban.cl\/index.php\/wp-json\/wp\/v2\/categories?post=470"},{"taxonomy":"post_tag","embeddable":true,"href":"https:\/\/lavozdesanesteban.cl\/index.php\/wp-json\/wp\/v2\/tags?post=470"}],"curies":[{"name":"wp","href":"https:\/\/api.w.org\/{rel}","templated":true}]}}