{"id":4707,"date":"2025-05-29T03:53:52","date_gmt":"2025-05-29T03:53:52","guid":{"rendered":"https:\/\/lavozdesanesteban.cl\/?p=4707"},"modified":"2025-05-29T03:53:54","modified_gmt":"2025-05-29T03:53:54","slug":"gobernador-rodrigo-mundaca-presento-su-cuenta-publica-2024-al-consejo-regional","status":"publish","type":"post","link":"https:\/\/lavozdesanesteban.cl\/index.php\/2025\/05\/29\/gobernador-rodrigo-mundaca-presento-su-cuenta-publica-2024-al-consejo-regional\/","title":{"rendered":"Gobernador Rodrigo Mundaca present\u00f3 su Cuenta P\u00fablica 2024 al Consejo Regional"},"content":{"rendered":"\n<p><\/p>\n\n\n\n<p>Durante la sesi\u00f3n plenaria de esta jornada, el Gobernador Regional de la Regi\u00f3n de Valpara\u00edso, Rodrigo Mundaca, present\u00f3 al pleno del Consejo Regional su Cuenta P\u00fablica 2024.<\/p>\n\n\n\n<p>En la oportunidad, la m\u00e1xima autoridad regional recalc\u00f3 los principales hitos de su gesti\u00f3n durante el periodo, enfatizando el trabajo del GORE para una ejecuci\u00f3n presupuestaria del 100%, y el avance en los \u00e1mbitos de mayor preocupaci\u00f3n para las y los vecinos de la regi\u00f3n, como son la salud, seguridad, transporte, agua y medio ambiente, adem\u00e1s de ratificar el compromiso para continuar trabajando en los desaf\u00edos que enfrenta la regi\u00f3n y el proceso de descentralizaci\u00f3n.<\/p>\n\n\n\n<p>Al respecto, <strong>el Gobernador Regional de Valpara\u00edso, Rodrigo Mundaca<\/strong>, se\u00f1al\u00f3 que \u201cLo que m\u00e1s remarcamos es que, durante cuatro a\u00f1os al frente del Gobierno Regional, hemos tenido un cumplimiento del 100% del ejercicio presupuestario. \u00bfQu\u00e9 significa esto? Que todos los recursos hemos logrado dejarlos en la regi\u00f3n, que hemos trabajado intensamente por descentralizar tambi\u00e9n la regi\u00f3n y tambi\u00e9n por emparejar la inversi\u00f3n p\u00fablica en todos los territorios, porque no hay ning\u00fan territorio de primer o de segundo orden, por el contrario, todos somos la Regi\u00f3n de Valpara\u00edso y, hoy d\u00eda, todas las personas, todas las poblaciones, todos los pueblos nos importan\u201d.<\/p>\n","protected":false},"excerpt":{"rendered":"<p>Durante la sesi\u00f3n plenaria de esta jornada, el Gobernador Regional de la Regi\u00f3n de Valpara\u00edso, Rodrigo Mundaca, present\u00f3 al pleno del Consejo Regional su Cuenta P\u00fablica 2024. En la oportunidad, la m\u00e1xima autoridad regional recalc\u00f3 los principales hitos de su gesti\u00f3n durante el periodo, enfatizando el trabajo del GORE para una ejecuci\u00f3n presupuestaria del 100%, &hellip;<\/p>\n","protected":false},"author":2,"featured_media":4708,"comment_status":"open","ping_status":"open","sticky":false,"template":"","format":"standard","meta":{"spay_email":""},"categories":[3],"tags":[8],"jetpack_featured_media_url":"https:\/\/lavozdesanesteban.cl\/wp-content\/uploads\/2025\/05\/cuenta-scaled.jpg","_links":{"self":[{"href":"https:\/\/lavozdesanesteban.cl\/index.php\/wp-json\/wp\/v2\/posts\/4707"}],"collection":[{"href":"https:\/\/lavozdesanesteban.cl\/index.php\/wp-json\/wp\/v2\/posts"}],"about":[{"href":"https:\/\/lavozdesanesteban.cl\/index.php\/wp-json\/wp\/v2\/types\/post"}],"author":[{"embeddable":true,"href":"https:\/\/lavozdesanesteban.cl\/index.php\/wp-json\/wp\/v2\/users\/2"}],"replies":[{"embeddable":true,"href":"https:\/\/lavozdesanesteban.cl\/index.php\/wp-json\/wp\/v2\/comments?post=4707"}],"version-history":[{"count":1,"href":"https:\/\/lavozdesanesteban.cl\/index.php\/wp-json\/wp\/v2\/posts\/4707\/revisions"}],"predecessor-version":[{"id":4709,"href":"https:\/\/lavozdesanesteban.cl\/index.php\/wp-json\/wp\/v2\/posts\/4707\/revisions\/4709"}],"wp:featuredmedia":[{"embeddable":true,"href":"https:\/\/lavozdesanesteban.cl\/index.php\/wp-json\/wp\/v2\/media\/4708"}],"wp:attachment":[{"href":"https:\/\/lavozdesanesteban.cl\/index.php\/wp-json\/wp\/v2\/media?parent=4707"}],"wp:term":[{"taxonomy":"category","embeddable":true,"href":"https:\/\/lavozdesanesteban.cl\/index.php\/wp-json\/wp\/v2\/categories?post=4707"},{"taxonomy":"post_tag","embeddable":true,"href":"https:\/\/lavozdesanesteban.cl\/index.php\/wp-json\/wp\/v2\/tags?post=4707"}],"curies":[{"name":"wp","href":"https:\/\/api.w.org\/{rel}","templated":true}]}}