{"id":4710,"date":"2025-05-29T03:56:46","date_gmt":"2025-05-29T03:56:46","guid":{"rendered":"https:\/\/lavozdesanesteban.cl\/?p=4710"},"modified":"2025-05-29T03:56:48","modified_gmt":"2025-05-29T03:56:48","slug":"los-andes-celebrara-el-dia-internacional-de-la-danza-con-una-gala-en-el-gimnasio-del-colegio-maria-auxiliadora","status":"publish","type":"post","link":"https:\/\/lavozdesanesteban.cl\/index.php\/2025\/05\/29\/los-andes-celebrara-el-dia-internacional-de-la-danza-con-una-gala-en-el-gimnasio-del-colegio-maria-auxiliadora\/","title":{"rendered":"Los Andes celebrar\u00e1 el D\u00eda Internacional de la Danza con una Gala en el Gimnasio del colegio Mar\u00eda Auxiliadora"},"content":{"rendered":"\n<p><\/p>\n\n\n\n<p>Los Andes ser\u00e1 el escenario de una nueva edici\u00f3n de la Gala de Danza, un evento que reunir\u00e1 a m\u00e1s de 500 bailarines entre ni\u00f1os, ni\u00f1as, j\u00f3venes y adultos, quienes se presentar\u00e1n en el Gimnasio del Colegio Mar\u00eda Auxiliadora a partir de las 17:00 horas. El evento, que se realizar\u00e1 este s\u00e1bado 31 de mayo, y ser\u00e1 totalmente gratuito.<\/p>\n\n\n\n<p>La Gala de Danza 2025 contar\u00e1 con una variada programaci\u00f3n que incluir\u00e1 elencos escolares y presentaciones de academias de danza locales, mostrando la diversidad y el talento de los artistas de nuestra ciudad. La actividad se llevar\u00e1 a cabo en dos partes. La primera comenzar\u00e1 a las 17:00 horas y estar\u00e1 dedicada a las presentaciones de los elencos de colegios de Los Andes. Se espera que unos 12 elencos de diferentes categor\u00edas muestren lo mejor de su repertorio, reflejando el esfuerzo y la dedicaci\u00f3n de los estudiantes.<\/p>\n\n\n\n<p>A partir de las 19:00 horas, la segunda parte del evento dar\u00e1 paso a las academias y compa\u00f1\u00edas de danza locales, con aproximadamente 15 elencos que compartir\u00e1n su arte con el p\u00fablico.<\/p>\n\n\n\n<p>El alcalde Manuel Rivera invit\u00f3 a toda la comunidad a ser parte de esta celebraci\u00f3n, destacando la importancia de la danza en la cultura local. \u00abQueremos invitar a toda la comunidad del Valle de la Aconcagua, particularmente de Los Andes, para que conmemoremos el D\u00eda Internacional de la Danza, que se celebr\u00f3 internacionalmente y tambi\u00e9n en nuestro pa\u00eds hace algunos d\u00edas. Pero como siempre, todas las agrupaciones de danza de nuestra ciudad, que son much\u00edsimas, nos convocan este s\u00e1bado 31 de mayo a partir de las 17:00 horas en el Gimnasio Mar\u00eda Auxiliadora en una funci\u00f3n tremenda, absolutamente gratuita, donde vamos a conmemorar, pero por sobre todo ver a muchos ni\u00f1os, ni\u00f1as, j\u00f3venes y bailarines que cultivan la danza en nuestra ciudad de forma masiva\u00bb.<\/p>\n\n\n\n<p>Por su parte, Camila Bustos, subdirectora de Cultura, Turismo y Patrimonio, detall\u00f3 c\u00f3mo se desarrollar\u00e1 la funci\u00f3n: \u00abLa funci\u00f3n va a consistir en dos partes, la primera de ellas comenzar\u00e1 a las 17:00 horas con todos los elencos de los colegios de Los Andes. Ah\u00ed vamos a tener aproximadamente 12 elencos con diferentes categor\u00edas que nos van a estar presentando lo mejor que han preparado para este a\u00f1o. Y despu\u00e9s, desde las 19:00 horas aproximadamente, vamos a tener a todas las academias y compa\u00f1\u00edas de Los Andes, donde adem\u00e1s tambi\u00e9n tenemos aproximadamente 15 elencos de academias y compa\u00f1\u00edas\u201d.<\/p>\n","protected":false},"excerpt":{"rendered":"<p>Los Andes ser\u00e1 el escenario de una nueva edici\u00f3n de la Gala de Danza, un evento que reunir\u00e1 a m\u00e1s de 500 bailarines entre ni\u00f1os, ni\u00f1as, j\u00f3venes y adultos, quienes se presentar\u00e1n en el Gimnasio del Colegio Mar\u00eda Auxiliadora a partir de las 17:00 horas. El evento, que se realizar\u00e1 este s\u00e1bado 31 de mayo, &hellip;<\/p>\n","protected":false},"author":2,"featured_media":4711,"comment_status":"open","ping_status":"open","sticky":false,"template":"","format":"standard","meta":{"spay_email":""},"categories":[7],"tags":[8],"jetpack_featured_media_url":"https:\/\/lavozdesanesteban.cl\/wp-content\/uploads\/2025\/05\/grafica.jpg","_links":{"self":[{"href":"https:\/\/lavozdesanesteban.cl\/index.php\/wp-json\/wp\/v2\/posts\/4710"}],"collection":[{"href":"https:\/\/lavozdesanesteban.cl\/index.php\/wp-json\/wp\/v2\/posts"}],"about":[{"href":"https:\/\/lavozdesanesteban.cl\/index.php\/wp-json\/wp\/v2\/types\/post"}],"author":[{"embeddable":true,"href":"https:\/\/lavozdesanesteban.cl\/index.php\/wp-json\/wp\/v2\/users\/2"}],"replies":[{"embeddable":true,"href":"https:\/\/lavozdesanesteban.cl\/index.php\/wp-json\/wp\/v2\/comments?post=4710"}],"version-history":[{"count":1,"href":"https:\/\/lavozdesanesteban.cl\/index.php\/wp-json\/wp\/v2\/posts\/4710\/revisions"}],"predecessor-version":[{"id":4712,"href":"https:\/\/lavozdesanesteban.cl\/index.php\/wp-json\/wp\/v2\/posts\/4710\/revisions\/4712"}],"wp:featuredmedia":[{"embeddable":true,"href":"https:\/\/lavozdesanesteban.cl\/index.php\/wp-json\/wp\/v2\/media\/4711"}],"wp:attachment":[{"href":"https:\/\/lavozdesanesteban.cl\/index.php\/wp-json\/wp\/v2\/media?parent=4710"}],"wp:term":[{"taxonomy":"category","embeddable":true,"href":"https:\/\/lavozdesanesteban.cl\/index.php\/wp-json\/wp\/v2\/categories?post=4710"},{"taxonomy":"post_tag","embeddable":true,"href":"https:\/\/lavozdesanesteban.cl\/index.php\/wp-json\/wp\/v2\/tags?post=4710"}],"curies":[{"name":"wp","href":"https:\/\/api.w.org\/{rel}","templated":true}]}}