{"id":4713,"date":"2025-05-29T03:59:15","date_gmt":"2025-05-29T03:59:15","guid":{"rendered":"https:\/\/lavozdesanesteban.cl\/?p=4713"},"modified":"2025-05-29T03:59:17","modified_gmt":"2025-05-29T03:59:17","slug":"mas-de-400-estudiantes-seran-beneficiados-con-la-beca-de-municipal-de-educacion-superior-en-san-esteban","status":"publish","type":"post","link":"https:\/\/lavozdesanesteban.cl\/index.php\/2025\/05\/29\/mas-de-400-estudiantes-seran-beneficiados-con-la-beca-de-municipal-de-educacion-superior-en-san-esteban\/","title":{"rendered":"M\u00e1s de 400 estudiantes ser\u00e1n beneficiados con la beca de municipal de educaci\u00f3n superior en San Esteban"},"content":{"rendered":"\n<p><\/p>\n\n\n\n<ul><li>El compromiso de la gesti\u00f3n municipal es aumentar progresivamente el n\u00famero de beneficiarios a\u00f1o a a\u00f1o.<\/li><\/ul>\n\n\n\n<p>413 estudiantes de San Esteban ser\u00e1n beneficiados con la Beca Municipal de Educaci\u00f3n Superior, as\u00ed lo adelant\u00f3 el director de desarrollo comunitario (DIDECO), Exequiel Vald\u00e9s, quien se\u00f1al\u00f3 que se trata de un compromiso de la administraci\u00f3n del alcalde Christian Ortega por aumentar significativamente este aporte a\u00f1o a a\u00f1o.<\/p>\n\n\n\n<p>El proceso que inici\u00f3 en marzo, de manera online, para evitar el gasto en traslado por parte de los postulantes, cont\u00f3 con un acucioso proceso de selecci\u00f3n, permitiendo con ello, que el beneficio alcance al mayor n\u00famero de estudiantes posibles.<\/p>\n\n\n\n<p>En ese sentido, el directivo indic\u00f3 que se trata de un aporte econ\u00f3mico \u2013 en una cuota \u00fanica anual \u2013 que se otorga a estudiantes de la comuna que cursen alguna carrera en universidades o institutos profesionales (tanto a nivel provincial, regional o nacional).<\/p>\n\n\n\n<p>\u201cEstamos muy contentos de informar que este a\u00f1o ser\u00e1n 413 estudiantes de educaci\u00f3n superior que ser\u00e1n beneficiados con la beca de educaci\u00f3n superior. Como administraci\u00f3n municipal, estamos comprometidos con el proceso educativo de nuestros vecinos y entendemos que una de las maneras de apoyarlos, es con este beneficio econ\u00f3mica que, sin duda, es un aporte monetario para que sea utilizado distintos gastos estudiantiles. Asimismo, nos hemos comprometido a aumentar significativamente el n\u00famero de beneficiarios. Por ejemplo, en 2023, fueron 260 y este a\u00f1o, logramos un poco menos del doble, lo que para nosotros es fundamental\u201d, afirm\u00f3.<\/p>\n\n\n\n<p>En la misma l\u00f3gica, el directivo puntualizo que \u201cEsta entrega reafirma nuestro compromiso con el futuro de la juventud de San Esteban. Invertir en educaci\u00f3n es apostar por el desarrollo integral de nuestra comuna\u201d, recalc\u00f3.<\/p>\n\n\n\n<p>Respecto a los procesos en que se encuentran actualmente, Vald\u00e9s afirm\u00f3 que \u201cestamos tomando contacto con los beneficiarios para saber si quieren que se les haga entrega de estos recursos a trav\u00e9s de un cheque o dep\u00f3sito\u201d, finaliz\u00f3.<\/p>\n\n\n\n<p>En las redes sociales del municipio de San Esteban, <a><\/a>(instagram y Facebook), est\u00e1 disponible el listado con los beneficiarios.<\/p>\n","protected":false},"excerpt":{"rendered":"<p>El compromiso de la gesti\u00f3n municipal es aumentar progresivamente el n\u00famero de beneficiarios a\u00f1o a a\u00f1o. 413 estudiantes de San Esteban ser\u00e1n beneficiados con la Beca Municipal de Educaci\u00f3n Superior, as\u00ed lo adelant\u00f3 el director de desarrollo comunitario (DIDECO), Exequiel Vald\u00e9s, quien se\u00f1al\u00f3 que se trata de un compromiso de la administraci\u00f3n del alcalde Christian &hellip;<\/p>\n","protected":false},"author":2,"featured_media":4714,"comment_status":"open","ping_status":"open","sticky":false,"template":"","format":"standard","meta":{"spay_email":""},"categories":[2],"tags":[8],"jetpack_featured_media_url":"https:\/\/lavozdesanesteban.cl\/wp-content\/uploads\/2025\/05\/beca-educacion-superior-scaled.jpg","_links":{"self":[{"href":"https:\/\/lavozdesanesteban.cl\/index.php\/wp-json\/wp\/v2\/posts\/4713"}],"collection":[{"href":"https:\/\/lavozdesanesteban.cl\/index.php\/wp-json\/wp\/v2\/posts"}],"about":[{"href":"https:\/\/lavozdesanesteban.cl\/index.php\/wp-json\/wp\/v2\/types\/post"}],"author":[{"embeddable":true,"href":"https:\/\/lavozdesanesteban.cl\/index.php\/wp-json\/wp\/v2\/users\/2"}],"replies":[{"embeddable":true,"href":"https:\/\/lavozdesanesteban.cl\/index.php\/wp-json\/wp\/v2\/comments?post=4713"}],"version-history":[{"count":1,"href":"https:\/\/lavozdesanesteban.cl\/index.php\/wp-json\/wp\/v2\/posts\/4713\/revisions"}],"predecessor-version":[{"id":4715,"href":"https:\/\/lavozdesanesteban.cl\/index.php\/wp-json\/wp\/v2\/posts\/4713\/revisions\/4715"}],"wp:featuredmedia":[{"embeddable":true,"href":"https:\/\/lavozdesanesteban.cl\/index.php\/wp-json\/wp\/v2\/media\/4714"}],"wp:attachment":[{"href":"https:\/\/lavozdesanesteban.cl\/index.php\/wp-json\/wp\/v2\/media?parent=4713"}],"wp:term":[{"taxonomy":"category","embeddable":true,"href":"https:\/\/lavozdesanesteban.cl\/index.php\/wp-json\/wp\/v2\/categories?post=4713"},{"taxonomy":"post_tag","embeddable":true,"href":"https:\/\/lavozdesanesteban.cl\/index.php\/wp-json\/wp\/v2\/tags?post=4713"}],"curies":[{"name":"wp","href":"https:\/\/api.w.org\/{rel}","templated":true}]}}