{"id":4716,"date":"2025-05-29T04:02:18","date_gmt":"2025-05-29T04:02:18","guid":{"rendered":"https:\/\/lavozdesanesteban.cl\/?p=4716"},"modified":"2025-05-29T04:02:20","modified_gmt":"2025-05-29T04:02:20","slug":"alcalde-de-los-andes-anuncia-procesos-administrativos-inmediatos-por-licencias-medicas-irregulares-de-funcionarios-municipales","status":"publish","type":"post","link":"https:\/\/lavozdesanesteban.cl\/index.php\/2025\/05\/29\/alcalde-de-los-andes-anuncia-procesos-administrativos-inmediatos-por-licencias-medicas-irregulares-de-funcionarios-municipales\/","title":{"rendered":"Alcalde de Los Andes anuncia procesos administrativos inmediatos por licencias m\u00e9dicas irregulares de funcionarios municipales"},"content":{"rendered":"\n<p><\/p>\n\n\n\n<p><em>Se instruyen medidas a 59 funcionarios que habr\u00edan incumplido el periodo de reposo prescrito en sus licencias m\u00e9dicas al haber salido del pa\u00eds<\/em><\/p>\n\n\n\n<p>El alcalde de Los Andes, Manuel Rivera, inform\u00f3 esta jornada que el municipio ha iniciado de manera inmediata los procesos administrativos correspondientes tras la recepci\u00f3n de un informe de la Contralor\u00eda General de la Rep\u00fablica (CGR), que detect\u00f3 irregularidades en el uso de licencias m\u00e9dicas por parte de funcionarios p\u00fablicos a nivel nacional.<\/p>\n\n\n\n<p>De acuerdo al informe, un total de 25.078 funcionarios p\u00fablicos o de entidades que cumplen funciones estatales habr\u00edan incumplido el periodo de reposo prescrito en sus licencias m\u00e9dicas entre 2023 y 2024, saliendo del pa\u00eds durante dicho per\u00edodo.<\/p>\n\n\n\n<p>En el caso espec\u00edfico de la comuna de Los Andes, se identific\u00f3 a 59 funcionarios municipales, pertenecientes al Departamento de Administraci\u00f3n de Educaci\u00f3n Municipal (DAEM), al \u00e1rea de Salud y otras dependencias municipales, que realizaron viajes internacionales mientras se encontraban con licencia m\u00e9dica.<\/p>\n\n\n\n<p>El alcalde Rivera fue enf\u00e1tico al se\u00f1alar que apenas se recibi\u00f3 el requerimiento de la Contralor\u00eda el jueves pasado, se instruy\u00f3 al equipo jur\u00eddico municipal para iniciar sumarios administrativos en un plazo de cinco d\u00edas, tal como establece la normativa vigente.<\/p>\n\n\n\n<p>\u201cA prop\u00f3sito del tema que ha trascendido la opini\u00f3n p\u00fablica respecto de las licencias m\u00e9dicas de funcionarios p\u00fablicos, quiero informar que apenas se recibi\u00f3 el requerimiento por parte de la Contralor\u00eda General de la Rep\u00fablica, en el municipio de Los Andes se tomaron las medidas correspondientes. Inmediatamente se instruy\u00f3 a nuestro equipo jur\u00eddico para decretar los sumarios respectivos y tomar todas las acciones que la ley nos exige. Lo haremos con la mayor rapidez y prudencia, como esta delicada situaci\u00f3n lo requiere\u201d, declar\u00f3 el jefe comunal.<\/p>\n\n\n\n<p>Agreg\u00f3 que, en el caso de la Municipalidad de Los Andes, \u201cla prioridad por la probidad debe ser permanente, y en este caso, obviamente, actuaremos a la brevedad posible\u201d, enfatiz\u00f3.<\/p>\n\n\n\n<p>El informe nacional de Contralor\u00eda se elabor\u00f3 en base a datos proporcionados por la Polic\u00eda de Investigaciones de Chile (PDI),<\/p>\n","protected":false},"excerpt":{"rendered":"<p>Se instruyen medidas a 59 funcionarios que habr\u00edan incumplido el periodo de reposo prescrito en sus licencias m\u00e9dicas al haber salido del pa\u00eds El alcalde de Los Andes, Manuel Rivera, inform\u00f3 esta jornada que el municipio ha iniciado de manera inmediata los procesos administrativos correspondientes tras la recepci\u00f3n de un informe de la Contralor\u00eda General &hellip;<\/p>\n","protected":false},"author":2,"featured_media":4717,"comment_status":"open","ping_status":"open","sticky":false,"template":"","format":"standard","meta":{"spay_email":""},"categories":[7],"tags":[8],"jetpack_featured_media_url":"https:\/\/lavozdesanesteban.cl\/wp-content\/uploads\/2025\/05\/licencias.jpg","_links":{"self":[{"href":"https:\/\/lavozdesanesteban.cl\/index.php\/wp-json\/wp\/v2\/posts\/4716"}],"collection":[{"href":"https:\/\/lavozdesanesteban.cl\/index.php\/wp-json\/wp\/v2\/posts"}],"about":[{"href":"https:\/\/lavozdesanesteban.cl\/index.php\/wp-json\/wp\/v2\/types\/post"}],"author":[{"embeddable":true,"href":"https:\/\/lavozdesanesteban.cl\/index.php\/wp-json\/wp\/v2\/users\/2"}],"replies":[{"embeddable":true,"href":"https:\/\/lavozdesanesteban.cl\/index.php\/wp-json\/wp\/v2\/comments?post=4716"}],"version-history":[{"count":1,"href":"https:\/\/lavozdesanesteban.cl\/index.php\/wp-json\/wp\/v2\/posts\/4716\/revisions"}],"predecessor-version":[{"id":4718,"href":"https:\/\/lavozdesanesteban.cl\/index.php\/wp-json\/wp\/v2\/posts\/4716\/revisions\/4718"}],"wp:featuredmedia":[{"embeddable":true,"href":"https:\/\/lavozdesanesteban.cl\/index.php\/wp-json\/wp\/v2\/media\/4717"}],"wp:attachment":[{"href":"https:\/\/lavozdesanesteban.cl\/index.php\/wp-json\/wp\/v2\/media?parent=4716"}],"wp:term":[{"taxonomy":"category","embeddable":true,"href":"https:\/\/lavozdesanesteban.cl\/index.php\/wp-json\/wp\/v2\/categories?post=4716"},{"taxonomy":"post_tag","embeddable":true,"href":"https:\/\/lavozdesanesteban.cl\/index.php\/wp-json\/wp\/v2\/tags?post=4716"}],"curies":[{"name":"wp","href":"https:\/\/api.w.org\/{rel}","templated":true}]}}