{"id":4719,"date":"2025-05-29T04:04:48","date_gmt":"2025-05-29T04:04:48","guid":{"rendered":"https:\/\/lavozdesanesteban.cl\/?p=4719"},"modified":"2025-05-29T04:04:50","modified_gmt":"2025-05-29T04:04:50","slug":"calle-larga-inaugura-moderno-complejo-deportivo-con-canchas-de-pasto-sintetico-y-de-arcilla","status":"publish","type":"post","link":"https:\/\/lavozdesanesteban.cl\/index.php\/2025\/05\/29\/calle-larga-inaugura-moderno-complejo-deportivo-con-canchas-de-pasto-sintetico-y-de-arcilla\/","title":{"rendered":"Calle Larga inaugura moderno complejo deportivo con canchas de pasto sint\u00e9tico y de arcilla"},"content":{"rendered":"\n<p><\/p>\n\n\n\n<p><strong>El nuevo espacio permitir\u00e1 a la comunidad practicar diversos deportes como f\u00fatbol, tenis y hockey, entre otros<\/strong><\/p>\n\n\n\n<p>Impulsar el deporte como herramienta de desarrollo social, inclusi\u00f3n y bienestar ha sido uno de los principales objetivos de la actual administraci\u00f3n municipal de Calle Larga. En esta l\u00ednea, adem\u00e1s de realizar mejoras en diversas multicanchas, apoyar a clubes deportivos y ofrecer talleres para ni\u00f1as, ni\u00f1os, j\u00f3venes y adultos, el municipio trabaj\u00f3 junto a la entidad patrocinante MINCCA en la construcci\u00f3n de un moderno complejo deportivo que fue inaugurado recientemente para beneficiar no solo a la comunidad de Calle Larga, sino tambi\u00e9n a toda la provincia de Los Andes.<\/p>\n\n\n\n<p>\u201cEstamos inaugurando este nuevo recinto deportivo que cuenta con excelentes est\u00e1ndares de calidad, con canchas de pasto sint\u00e9tico para f\u00fatbol e incluso para hockey, un deporte que estamos desarrollando en la comuna. Este complejo tambi\u00e9n cuenta con dos canchas de arcilla para tenis. Queremos que m\u00e1s personas de la comuna tengan acceso a espacios para practicar deporte y actividades que contribuyan a hacer de Calle Larga un lugar cada d\u00eda mejor\u201d, se\u00f1al\u00f3 la alcaldesa Dina Gonz\u00e1lez Alfaro.<\/p>\n\n\n\n<p>El proyecto, que abrir\u00e1 sus puertas a la comunidad en junio y que est\u00e1 ubicado a metros de la medialuna de Calle Larga, fue financiado a trav\u00e9s del subsidio DS27 con una inversi\u00f3n de 7.500 UF, m\u00e1s un aporte municipal adicional de 750 UF. Adem\u00e1s de las canchas, contempla iluminaci\u00f3n LED de alto est\u00e1ndar y cierre perimetral de acero en todas las instalaciones. Con recursos municipales, tambi\u00e9n se construyeron modernos ba\u00f1os y camarines para mayor comodidad de quienes utilicen este espacio.<\/p>\n\n\n\n<p>El exfutbolista y seleccionado nacional Waldo Ponce, presente en la ceremonia de inauguraci\u00f3n, valor\u00f3 la iniciativa impulsada por la municipalidad. \u201cEs una linda iniciativa que permite contar con este hermoso complejo deportivo al que hay que sacarle provecho. La idea es que los ni\u00f1os y la comunidad lo utilicen activamente y, qui\u00e9n sabe, quiz\u00e1s alg\u00fan d\u00eda un ni\u00f1o o ni\u00f1a que jug\u00f3 aqu\u00ed pueda triunfar en el deporte a nivel internacional\u201d, destac\u00f3.<\/p>\n\n\n\n<p>Pr\u00f3ximamente, a trav\u00e9s de las redes sociales del municipio, se informar\u00e1n los d\u00edas y horarios de funcionamiento, as\u00ed como los contactos para reservas y valores.<\/p>\n","protected":false},"excerpt":{"rendered":"<p>El nuevo espacio permitir\u00e1 a la comunidad practicar diversos deportes como f\u00fatbol, tenis y hockey, entre otros Impulsar el deporte como herramienta de desarrollo social, inclusi\u00f3n y bienestar ha sido uno de los principales objetivos de la actual administraci\u00f3n municipal de Calle Larga. En esta l\u00ednea, adem\u00e1s de realizar mejoras en diversas multicanchas, apoyar a &hellip;<\/p>\n","protected":false},"author":2,"featured_media":4720,"comment_status":"open","ping_status":"open","sticky":false,"template":"","format":"standard","meta":{"spay_email":""},"categories":[7],"tags":[8],"jetpack_featured_media_url":"https:\/\/lavozdesanesteban.cl\/wp-content\/uploads\/2025\/05\/deportivo-scaled.jpg","_links":{"self":[{"href":"https:\/\/lavozdesanesteban.cl\/index.php\/wp-json\/wp\/v2\/posts\/4719"}],"collection":[{"href":"https:\/\/lavozdesanesteban.cl\/index.php\/wp-json\/wp\/v2\/posts"}],"about":[{"href":"https:\/\/lavozdesanesteban.cl\/index.php\/wp-json\/wp\/v2\/types\/post"}],"author":[{"embeddable":true,"href":"https:\/\/lavozdesanesteban.cl\/index.php\/wp-json\/wp\/v2\/users\/2"}],"replies":[{"embeddable":true,"href":"https:\/\/lavozdesanesteban.cl\/index.php\/wp-json\/wp\/v2\/comments?post=4719"}],"version-history":[{"count":1,"href":"https:\/\/lavozdesanesteban.cl\/index.php\/wp-json\/wp\/v2\/posts\/4719\/revisions"}],"predecessor-version":[{"id":4721,"href":"https:\/\/lavozdesanesteban.cl\/index.php\/wp-json\/wp\/v2\/posts\/4719\/revisions\/4721"}],"wp:featuredmedia":[{"embeddable":true,"href":"https:\/\/lavozdesanesteban.cl\/index.php\/wp-json\/wp\/v2\/media\/4720"}],"wp:attachment":[{"href":"https:\/\/lavozdesanesteban.cl\/index.php\/wp-json\/wp\/v2\/media?parent=4719"}],"wp:term":[{"taxonomy":"category","embeddable":true,"href":"https:\/\/lavozdesanesteban.cl\/index.php\/wp-json\/wp\/v2\/categories?post=4719"},{"taxonomy":"post_tag","embeddable":true,"href":"https:\/\/lavozdesanesteban.cl\/index.php\/wp-json\/wp\/v2\/tags?post=4719"}],"curies":[{"name":"wp","href":"https:\/\/api.w.org\/{rel}","templated":true}]}}