{"id":4722,"date":"2025-05-29T04:07:10","date_gmt":"2025-05-29T04:07:10","guid":{"rendered":"https:\/\/lavozdesanesteban.cl\/?p=4722"},"modified":"2025-05-29T04:07:11","modified_gmt":"2025-05-29T04:07:11","slug":"cientos-de-personas-disfrutaron-de-las-actividades-que-el-municipio-de-san-esteban-preparo-para-el-dia-de-los-patrimonios","status":"publish","type":"post","link":"https:\/\/lavozdesanesteban.cl\/index.php\/2025\/05\/29\/cientos-de-personas-disfrutaron-de-las-actividades-que-el-municipio-de-san-esteban-preparo-para-el-dia-de-los-patrimonios\/","title":{"rendered":"Cientos de personas disfrutaron de las actividades que el municipio de San Esteban prepar\u00f3 para el d\u00eda de los patrimonios"},"content":{"rendered":"\n<p><\/p>\n\n\n\n<ul><li>Proyecto permiti\u00f3 construir un \u00e1rea de juegos, letras volum\u00e9tricas y un espacio destinado a la vida comunitaria en un \u00e1rea abandonada<em>.<\/em><\/li><\/ul>\n\n\n\n<p>Cientos de personas se dieron cita para celebrar el D\u00eda de Los Patrimonios en San Esteban, iniciativa desarrollada por el municipio con la finalidad de poner en valor la historia de la comuna y potenciar la invaluable riqueza patrimonial, cultural y natural que posee la comuna.<\/p>\n\n\n\n<p>En ese sentido, es que se realizaron recorridos patrimoniales por distintos sectores, entre ellos, el edificio municipal, los antiguos calabozos y el campanario de la Parroqu\u00eda.<\/p>\n\n\n\n<p>En cuanto a las presentaciones art\u00edsticas, se presentaron el ballet folcl\u00f3rico de San Esteban (Bafose), los bailes Chinos de la Cruz de Mayo de Los Chacayes, Bofocla Juvenil, y las bandas musiciales \u201cEscaleno\u201d, \u201cgato e campo\u201d y \u201cJahmyska\u201d.<\/p>\n\n\n\n<p>Sin embargo, una de las m\u00e1ximas atracciones fue la presentaci\u00f3n de los autos antiguos a cargo de la agrupaci\u00f3n \u201ccl\u00e1sicos San Esteban\u201d, que con m\u00e1s de 200 veh\u00edculos, entre autos, motos y bicicletas, hicieron vivir un viaje al pasado a muchos visitantes.<\/p>\n\n\n\n<p>Al respecto, Mauricio Flores, encargado de cultura de la municipalidad, se\u00f1al\u00f3 que \u201cestamos muy contentos con la participaci\u00f3n de vecinos, Tuvimos una jornada con mucha asistencia de p\u00fablico, presentaciones art\u00edsticas, veh\u00edculos antiguos, m\u00fasica en vivo y recorridos patrimoniales, recorriendo espacios ic\u00f3nicos de la comuna. Todo este tipo de acciones son fundamentales para nuestra administraci\u00f3n, porque nos permite dar a conocer la rica hist\u00f3rica local y todo el potencial tur\u00edstico y patrimonial que tiene la comuna\u201d, afirm\u00f3.<\/p>\n\n\n\n<p>Cabe recordar que el D\u00eda de los Patrimonios se celebra anualmente y es organizado por el Ministerio de las Culturas, las Artes y el Patrimonio, con el objetivo de promover el disfrute, conocimiento y reflexi\u00f3n ciudadana sobre los patrimonios en Chile.<\/p>\n","protected":false},"excerpt":{"rendered":"<p>Proyecto permiti\u00f3 construir un \u00e1rea de juegos, letras volum\u00e9tricas y un espacio destinado a la vida comunitaria en un \u00e1rea abandonada. Cientos de personas se dieron cita para celebrar el D\u00eda de Los Patrimonios en San Esteban, iniciativa desarrollada por el municipio con la finalidad de poner en valor la historia de la comuna y &hellip;<\/p>\n","protected":false},"author":2,"featured_media":4723,"comment_status":"open","ping_status":"open","sticky":false,"template":"","format":"standard","meta":{"spay_email":""},"categories":[2],"tags":[8],"jetpack_featured_media_url":"https:\/\/lavozdesanesteban.cl\/wp-content\/uploads\/2025\/05\/dia-de-los-patrimonios-1.jpeg","_links":{"self":[{"href":"https:\/\/lavozdesanesteban.cl\/index.php\/wp-json\/wp\/v2\/posts\/4722"}],"collection":[{"href":"https:\/\/lavozdesanesteban.cl\/index.php\/wp-json\/wp\/v2\/posts"}],"about":[{"href":"https:\/\/lavozdesanesteban.cl\/index.php\/wp-json\/wp\/v2\/types\/post"}],"author":[{"embeddable":true,"href":"https:\/\/lavozdesanesteban.cl\/index.php\/wp-json\/wp\/v2\/users\/2"}],"replies":[{"embeddable":true,"href":"https:\/\/lavozdesanesteban.cl\/index.php\/wp-json\/wp\/v2\/comments?post=4722"}],"version-history":[{"count":1,"href":"https:\/\/lavozdesanesteban.cl\/index.php\/wp-json\/wp\/v2\/posts\/4722\/revisions"}],"predecessor-version":[{"id":4724,"href":"https:\/\/lavozdesanesteban.cl\/index.php\/wp-json\/wp\/v2\/posts\/4722\/revisions\/4724"}],"wp:featuredmedia":[{"embeddable":true,"href":"https:\/\/lavozdesanesteban.cl\/index.php\/wp-json\/wp\/v2\/media\/4723"}],"wp:attachment":[{"href":"https:\/\/lavozdesanesteban.cl\/index.php\/wp-json\/wp\/v2\/media?parent=4722"}],"wp:term":[{"taxonomy":"category","embeddable":true,"href":"https:\/\/lavozdesanesteban.cl\/index.php\/wp-json\/wp\/v2\/categories?post=4722"},{"taxonomy":"post_tag","embeddable":true,"href":"https:\/\/lavozdesanesteban.cl\/index.php\/wp-json\/wp\/v2\/tags?post=4722"}],"curies":[{"name":"wp","href":"https:\/\/api.w.org\/{rel}","templated":true}]}}