{"id":473,"date":"2022-03-05T00:33:02","date_gmt":"2022-03-05T00:33:02","guid":{"rendered":"https:\/\/lavozdesanesteban.cl\/?p=473"},"modified":"2022-03-05T00:33:06","modified_gmt":"2022-03-05T00:33:06","slug":"municipalidad-de-calle-larga-entregara-licencias-de-conducir-a-partir-de-abril","status":"publish","type":"post","link":"https:\/\/lavozdesanesteban.cl\/index.php\/2022\/03\/05\/municipalidad-de-calle-larga-entregara-licencias-de-conducir-a-partir-de-abril\/","title":{"rendered":"Municipalidad de Calle Larga entregar\u00e1 Licencias de Conducir a partir de abril"},"content":{"rendered":"\n<p><\/p>\n\n\n\n<p><strong>Desde el 1 de abril, se estar\u00e1n entregando horas para la obtenci\u00f3n de las licencias en dependencias de la Direcci\u00f3n de Tr\u00e1nsito<\/strong><\/p>\n\n\n\n<p><strong>&nbsp;&nbsp;&nbsp;&nbsp;&nbsp;&nbsp;&nbsp;&nbsp;&nbsp;&nbsp;&nbsp; <\/strong>Despu\u00e9s de varios meses y gestiones, fue publicado en el Diario Oficial la autorizaci\u00f3n por parte del Ministerio de Transportes, para que la Municipalidad de Calle Larga otorgue Licencias de Conducir.<\/p>\n\n\n\n<p>&nbsp;&nbsp;&nbsp;&nbsp;&nbsp;&nbsp;&nbsp;&nbsp;&nbsp;&nbsp;&nbsp; A partir del 1 de abril se iniciar\u00e1 la marcha blanca de la Oficina de Licencias de Conducir. Desde esa fecha las personas interesadas, podr\u00e1n acudir de forma presencial a la Oficina de Licencias de Conducir, ubicada en el edificio municipal, para sacar su licencia.<\/p>\n\n\n\n<p>&nbsp;&nbsp;&nbsp;&nbsp;&nbsp;&nbsp;&nbsp;&nbsp;&nbsp;&nbsp;&nbsp; \u201cLamentablemente Calle Larga era la \u00fanica comuna de la provincia que no contaba con gabinete para entregar Licencias de Conducir. Ayer tuvimos la noticia de que estamos autorizados para emitir Licencias. Estamos muy orgullosos del equipo de la Oficina de Licencias de Conducir y de Jorge Gonz\u00e1lez quien es quien lidera este equipo. Desde abril estaremos en condiciones de atender a las personas que quieren renovar o a quienes quieran sacar pro primera vez su Licencia de Conducir\u201d, sostuvo Dina Gonz\u00e1lez, alcaldesa de Calle Larga.<\/p>\n\n\n\n<p>&nbsp;&nbsp;&nbsp;&nbsp;&nbsp;&nbsp;&nbsp;&nbsp;&nbsp;&nbsp;&nbsp; Actualmente la Oficina de Licencias de Conducir cuenta con todo el equipamiento y los software para la obtenci\u00f3n de Licencias profesionales y no profesionales. Adem\u00e1s la oficina est\u00e1 compuesta por el director de tr\u00e1nsito, una administrativa, examinador y m\u00e9dico cirujano.<\/p>\n\n\n\n<p>&nbsp;&nbsp;&nbsp;&nbsp;&nbsp;&nbsp;&nbsp;&nbsp;&nbsp;&nbsp;&nbsp; \u201cCuando las personas vengan a reservar una hora para obtener su licencia, se les entregar\u00e1 toda la informaci\u00f3n sobre los documentos que deben presentar el d\u00eda en que sean citados. Los documentos que deban traer depender\u00e1 del tipo de licencia que quieran obtener. Nuestro equipo ya est\u00e1 preparado para entregar toda la informaci\u00f3n a quienes lo requieran\u201d, manifest\u00f3 Jorge Gonz\u00e1lez, director de Tr\u00e1nsito.<\/p>\n\n\n\n<p>Con la autorizaci\u00f3n entregada para su funcionamiento, la Oficina de Licencias de Conducir queda bajo inspecci\u00f3n de la Seremi de Transportes. El no cumplimiento de la normativa significar\u00eda la suspensi\u00f3n en la entrega de licencias.<\/p>\n","protected":false},"excerpt":{"rendered":"<p>Desde el 1 de abril, se estar\u00e1n entregando horas para la obtenci\u00f3n de las licencias en dependencias de la Direcci\u00f3n de Tr\u00e1nsito &nbsp;&nbsp;&nbsp;&nbsp;&nbsp;&nbsp;&nbsp;&nbsp;&nbsp;&nbsp;&nbsp; Despu\u00e9s de varios meses y gestiones, fue publicado en el Diario Oficial la autorizaci\u00f3n por parte del Ministerio de Transportes, para que la Municipalidad de Calle Larga otorgue Licencias de Conducir. &nbsp;&nbsp;&nbsp;&nbsp;&nbsp;&nbsp;&nbsp;&nbsp;&nbsp;&nbsp;&nbsp; &hellip;<\/p>\n","protected":false},"author":2,"featured_media":474,"comment_status":"open","ping_status":"open","sticky":false,"template":"","format":"standard","meta":{"spay_email":""},"categories":[7],"tags":[8],"jetpack_featured_media_url":"https:\/\/lavozdesanesteban.cl\/wp-content\/uploads\/2022\/03\/Equipo-Oficina-Licencias-de-Conducir-scaled.jpg","_links":{"self":[{"href":"https:\/\/lavozdesanesteban.cl\/index.php\/wp-json\/wp\/v2\/posts\/473"}],"collection":[{"href":"https:\/\/lavozdesanesteban.cl\/index.php\/wp-json\/wp\/v2\/posts"}],"about":[{"href":"https:\/\/lavozdesanesteban.cl\/index.php\/wp-json\/wp\/v2\/types\/post"}],"author":[{"embeddable":true,"href":"https:\/\/lavozdesanesteban.cl\/index.php\/wp-json\/wp\/v2\/users\/2"}],"replies":[{"embeddable":true,"href":"https:\/\/lavozdesanesteban.cl\/index.php\/wp-json\/wp\/v2\/comments?post=473"}],"version-history":[{"count":1,"href":"https:\/\/lavozdesanesteban.cl\/index.php\/wp-json\/wp\/v2\/posts\/473\/revisions"}],"predecessor-version":[{"id":475,"href":"https:\/\/lavozdesanesteban.cl\/index.php\/wp-json\/wp\/v2\/posts\/473\/revisions\/475"}],"wp:featuredmedia":[{"embeddable":true,"href":"https:\/\/lavozdesanesteban.cl\/index.php\/wp-json\/wp\/v2\/media\/474"}],"wp:attachment":[{"href":"https:\/\/lavozdesanesteban.cl\/index.php\/wp-json\/wp\/v2\/media?parent=473"}],"wp:term":[{"taxonomy":"category","embeddable":true,"href":"https:\/\/lavozdesanesteban.cl\/index.php\/wp-json\/wp\/v2\/categories?post=473"},{"taxonomy":"post_tag","embeddable":true,"href":"https:\/\/lavozdesanesteban.cl\/index.php\/wp-json\/wp\/v2\/tags?post=473"}],"curies":[{"name":"wp","href":"https:\/\/api.w.org\/{rel}","templated":true}]}}