{"id":4783,"date":"2025-09-11T00:59:57","date_gmt":"2025-09-11T00:59:57","guid":{"rendered":"https:\/\/lavozdesanesteban.cl\/?p=4783"},"modified":"2025-09-11T00:59:58","modified_gmt":"2025-09-11T00:59:58","slug":"lideresas-comunitarias-como-agentes-de-cambio-en-el-sector-energetico","status":"publish","type":"post","link":"https:\/\/lavozdesanesteban.cl\/index.php\/2025\/09\/11\/lideresas-comunitarias-como-agentes-de-cambio-en-el-sector-energetico\/","title":{"rendered":"Lideresas Comunitarias como agentes de cambio en el sector Energ\u00e9tico"},"content":{"rendered":"\n<p><\/p>\n\n\n\n<p><strong>Programa reconoce el papel fundamental de las dirigentes sociales en el desarrollo energ\u00e9tico local.<\/strong><\/p>\n\n\n\n<p><strong>San Antonio, 10 septiembre 2025.<\/strong>&#8211; En el Centro de Formaci\u00f3n T\u00e9cnica (CFT) Estatal sede San Antonio, se llev\u00f3 a cabo el cierre del Programa Piloto de Lideresas Comunitarias en Energ\u00eda, una iniciativa desarrollada por la Agencia de Sostenibilidad Energ\u00e9tica (AgenciaSE) en colaboraci\u00f3n con la Serem\u00eda de Energ\u00eda de la Regi\u00f3n de Valpara\u00edso, la Ilustre Municipalidad de San Antonio y el CFT Estatal de la Regi\u00f3n de Valpara\u00edso.<\/p>\n\n\n\n<p>Este programa tuvo como objetivo empoderar a lideresas comunitarias, reconociendo su papel fundamental en el desarrollo energ\u00e9tico local y promoviendo su inclusi\u00f3n como actores clave en la transici\u00f3n energ\u00e9tica de sus comunas y del pa\u00eds.<\/p>\n\n\n\n<p>La ceremonia cont\u00f3 con la participaci\u00f3n de diversas autoridades entres la seremi de Energ\u00eda, Anastassia Ottone, qui\u00e9n destac\u00f3 la relevancia de esta iniciativa <strong>\u00abes un piloto de lideresas para que ellas puedan adquirir conocimiento en materia energ\u00e9tica y fortalecer sus liderazgos propios como dirigentas territoriales. Es importante abrir espacios que hist\u00f3ricamente han sido dominados por hombres, y fomentar la participaci\u00f3n de mujeres en un sector donde muchas veces no se sienten interesadas, ya sea por falta de conocimiento o por barreras culturales\u00bb.<\/strong><\/p>\n\n\n\n<p>El alcalde de San Antonio, Omar Vera, tambi\u00e9n enfatiz\u00f3 la importancia del programa, se\u00f1alando \u00ab<strong>estamos conscientes de los desaf\u00edos que enfrenta el mundo y Chile en materia de energ\u00eda. La municipalidad ha estado trabajando durante a\u00f1os en l\u00edneas de acci\u00f3n con la comunidad para reducir el uso indiscriminado de la energ\u00eda. Este curso, dirigido a mujeres dirigentes, es un paso significativo hacia la sensibilizaci\u00f3n y educaci\u00f3n de nuestros vecinos y vecinas sobre el uso adecuado de la energ\u00eda, lo que a su vez puede aliviar los costos que enfrenta nuestra sociedad\u00bb.<\/strong><\/p>\n\n\n\n<p>El curso, que se desarroll\u00f3 de forma telem\u00e1tica y presencial, abarc\u00f3 temas como el desarrollo sostenible y g\u00e9nero, la pobreza energ\u00e9tica, la participaci\u00f3n comunitaria, eficiencia energ\u00e9tica domiciliaria, y herramientas de mediaci\u00f3n y resoluci\u00f3n de conflictos territoriales.<\/p>\n\n\n\n<p>La Directora Ejecutiva de la AgenciaSE, Rosa Riquelme, coment\u00f3 \u00ab<strong>este es el primer piloto de lideresas con pertenencia territorial que hemos dise\u00f1ado, donde distintos equipos han proporcionado herramientas a l\u00edderes comunitarias. La participaci\u00f3n de la mujer en el sector energ\u00e9tico es muy baja, especialmente en instancias territoriales. En esta transici\u00f3n energ\u00e9tica, necesitamos m\u00e1s voces, preferiblemente de quienes tienen conexi\u00f3n con sus comunidades. Esperamos que estas l\u00edderes sean agentes de cambio en sus territorios y que puedan participar en m\u00e1s iniciativas energ\u00e9ticas en el futuro, contribuyendo as\u00ed a una pertinencia territorial m\u00e1s amplia en nuestros programas<\/strong>\u00ab.<\/p>\n\n\n\n<p>La ceremonia finaliz\u00f3 con reflexiones de las lideresas, quienes agradecieron la oportunidad, compartieron sus experiencias y aprendizajes, y con la entrega de diplomas que reconocieron su participaci\u00f3n en el programa, que buscaba fortalecer las capacidades comunitarias para una transici\u00f3n energ\u00e9tica justa.<\/p>\n\n\n\n<p>Por \u00faltimo, el Rector del CFT Estatal de la Regi\u00f3n de Valpara\u00edso, Rodrigo Jarufe, subray\u00f3 la importancia de la colaboraci\u00f3n \u00ab<strong>este proyecto comenz\u00f3 con una relaci\u00f3n de confianza con la Agencia y el Ministerio de Energ\u00eda. Hoy seguimos avanzando en la formaci\u00f3n de l\u00edderes, en este caso mujeres, para que lideren sus comunidades en temas de eficiencia energ\u00e9tica. Creemos que las mujeres que finalizan este curso est\u00e1n mucho mejor preparadas para liderar sus juntas de vecinos y espacios comunitarios<\/strong>\u00ab.<\/p>\n","protected":false},"excerpt":{"rendered":"<p>Programa reconoce el papel fundamental de las dirigentes sociales en el desarrollo energ\u00e9tico local. San Antonio, 10 septiembre 2025.&#8211; En el Centro de Formaci\u00f3n T\u00e9cnica (CFT) Estatal sede San Antonio, se llev\u00f3 a cabo el cierre del Programa Piloto de Lideresas Comunitarias en Energ\u00eda, una iniciativa desarrollada por la Agencia de Sostenibilidad Energ\u00e9tica (AgenciaSE) en &hellip;<\/p>\n","protected":false},"author":2,"featured_media":4784,"comment_status":"open","ping_status":"open","sticky":false,"template":"","format":"standard","meta":{"spay_email":""},"categories":[3],"tags":[8],"jetpack_featured_media_url":"https:\/\/lavozdesanesteban.cl\/wp-content\/uploads\/2025\/09\/Lid-com-29-scaled.jpg","_links":{"self":[{"href":"https:\/\/lavozdesanesteban.cl\/index.php\/wp-json\/wp\/v2\/posts\/4783"}],"collection":[{"href":"https:\/\/lavozdesanesteban.cl\/index.php\/wp-json\/wp\/v2\/posts"}],"about":[{"href":"https:\/\/lavozdesanesteban.cl\/index.php\/wp-json\/wp\/v2\/types\/post"}],"author":[{"embeddable":true,"href":"https:\/\/lavozdesanesteban.cl\/index.php\/wp-json\/wp\/v2\/users\/2"}],"replies":[{"embeddable":true,"href":"https:\/\/lavozdesanesteban.cl\/index.php\/wp-json\/wp\/v2\/comments?post=4783"}],"version-history":[{"count":1,"href":"https:\/\/lavozdesanesteban.cl\/index.php\/wp-json\/wp\/v2\/posts\/4783\/revisions"}],"predecessor-version":[{"id":4785,"href":"https:\/\/lavozdesanesteban.cl\/index.php\/wp-json\/wp\/v2\/posts\/4783\/revisions\/4785"}],"wp:featuredmedia":[{"embeddable":true,"href":"https:\/\/lavozdesanesteban.cl\/index.php\/wp-json\/wp\/v2\/media\/4784"}],"wp:attachment":[{"href":"https:\/\/lavozdesanesteban.cl\/index.php\/wp-json\/wp\/v2\/media?parent=4783"}],"wp:term":[{"taxonomy":"category","embeddable":true,"href":"https:\/\/lavozdesanesteban.cl\/index.php\/wp-json\/wp\/v2\/categories?post=4783"},{"taxonomy":"post_tag","embeddable":true,"href":"https:\/\/lavozdesanesteban.cl\/index.php\/wp-json\/wp\/v2\/tags?post=4783"}],"curies":[{"name":"wp","href":"https:\/\/api.w.org\/{rel}","templated":true}]}}