{"id":4786,"date":"2025-09-11T01:03:53","date_gmt":"2025-09-11T01:03:53","guid":{"rendered":"https:\/\/lavozdesanesteban.cl\/?p=4786"},"modified":"2025-09-11T01:03:55","modified_gmt":"2025-09-11T01:03:55","slug":"gendarmeria-forma-parte-de-feria-de-la-chilenidad-de-vina-del-mar","status":"publish","type":"post","link":"https:\/\/lavozdesanesteban.cl\/index.php\/2025\/09\/11\/gendarmeria-forma-parte-de-feria-de-la-chilenidad-de-vina-del-mar\/","title":{"rendered":"GENDARMER\u00cdA FORMA PARTE DE FERIA DE LA CHILENIDAD DE VI\u00d1A DEL MAR"},"content":{"rendered":"\n<p><\/p>\n\n\n\n<p>Una gran oportunidad para dar a conocer y vender los trabajos que realizan privados de libertad del Complejo Penitenciario de Valpara\u00edso ha significado para Gendarmer\u00eda la presencia en la edici\u00f3n 15 de la Feria de la Chilenidad 2025, de Vi\u00f1a del Mar.<\/p>\n\n\n\n<p>Durante dos semanas la Instituci\u00f3n ha contado con un stand, donde se han ofrecido las obras que han sido adquiridas por las personas que llegan hasta la Plaza O\u2019Higgins. Los primeros siete d\u00edas se expusieron trabajos de internos de la unidad penal porte\u00f1a, mientras que esta semana en curso el espacio fue empleado por un usuario del Centro de Apoyo para la Integraci\u00f3n Social (CAIS), quien posee un emprendimiento de trabajos en ebanister\u00eda.<\/p>\n\n\n\n<p>Carlos Barrios dej\u00f3 atr\u00e1s una condena que lo mantuvo privado de libertad en el Complejo Penitenciario de Valpara\u00edso y que termin\u00f3 de cumplir en libertad condicional. Hoy se dedica a crear art\u00edculos de madera, y si bien creci\u00f3 trabajando este material, el a\u00f1o pasado decidi\u00f3 dedicarse exclusivamente a su emprendimiento que d\u00eda a d\u00eda crece y le genera una verdadera reinserci\u00f3n laboral.<\/p>\n\n\n\n<p>\u201cEsto para mi es una oportunidad grande y me sirve como reinserci\u00f3n. Me puedo dar cuenta de que el que quiere reinsertarse puede. Llevo un a\u00f1o y medio desde que inici\u00e9 el taller y vendiendo unos cinco o seis meses. Vender algo que haces con tus manos y que la gente diga que est\u00e1 lindo es algo que te llena por dentro y eso mi inspira a seguir. Encuentro que me est\u00e1 funcionando, miro hacia atr\u00e1s y hay avances\u201d, sostuvo el artesano quien, gracias al apoyo del CAIS logr\u00f3 terminar sus estudios y sacar licencia de conducir.<\/p>\n\n\n\n<p>En tanto, el director regional de Gendarmer\u00eda, coronel H\u00e9ctor Inostroza Orellana, destac\u00f3 la labor de reinserci\u00f3n que lleva adelante el Servicio.<\/p>\n\n\n\n<p>\u201cTenemos como misi\u00f3n institucional el contribuir a una sociedad m\u00e1s segura y proporcionar las condiciones para la reinserci\u00f3n de nuestros privados de libertad y usuarios. Es por ello que instancias como esta donde se generan espacios de reinserci\u00f3n social y laboral, son tan importantes para Gendarmer\u00eda. Por medio de la vinculaci\u00f3n con el mundo p\u00fablico y privado somos capaces de generar reinserci\u00f3n y con ellos una sociedad m\u00e1s segura\u201d.<\/p>\n\n\n\n<p>Por su parte la seremi de Justicia y DD.HH., Paula Guti\u00e9rrez Huenchuleo, sostuvo que: \u201cLa labor que ha realizado el CAIS de Valpara\u00edso en aperturar oportunidades para quienes son parte del sistema penitenciario, nos permite hoy ser testigos de que la reinserci\u00f3n es posible. Para ello se requiere de diversas circunstancia: la voluntad de la persona, que quiera cambiar su vida; las instituciones p\u00fablicas, como Gendarmer\u00eda, las Municipalidades, para visibilizar las habilidades y desaf\u00edos que deben abordar nuestras usuarias y usuarios; y por supuesto las instituciones privadas, as\u00ed como la sociedad en su conjunto, para brindar las oportunidades que permitan que una persona no vuelva a involucrarse en el mundo delictual\u201d.<\/p>\n\n\n\n<p>La ceremonia de inauguraci\u00f3n de la Feria, efectuada el pasado mi\u00e9rcoles y organizada por el municipio vi\u00f1amarino, cont<a><\/a>\u00f3 con la presencia del jefe del Complejo Penitenciario de Valpara\u00edso, coronel H\u00e9ctor Miranda Almonacid, la jefa t\u00e9cnica y la encargada laboral y de vinculaci\u00f3n con el medio de la unidad penal, Claudia Jeria Iriondo, y Betzab\u00e9 Suazo Mart\u00ednez.<\/p>\n","protected":false},"excerpt":{"rendered":"<p>Una gran oportunidad para dar a conocer y vender los trabajos que realizan privados de libertad del Complejo Penitenciario de Valpara\u00edso ha significado para Gendarmer\u00eda la presencia en la edici\u00f3n 15 de la Feria de la Chilenidad 2025, de Vi\u00f1a del Mar. Durante dos semanas la Instituci\u00f3n ha contado con un stand, donde se han &hellip;<\/p>\n","protected":false},"author":2,"featured_media":4787,"comment_status":"open","ping_status":"open","sticky":false,"template":"","format":"standard","meta":{"spay_email":""},"categories":[4],"tags":[8],"jetpack_featured_media_url":"https:\/\/lavozdesanesteban.cl\/wp-content\/uploads\/2025\/09\/FERIA-1.jpg","_links":{"self":[{"href":"https:\/\/lavozdesanesteban.cl\/index.php\/wp-json\/wp\/v2\/posts\/4786"}],"collection":[{"href":"https:\/\/lavozdesanesteban.cl\/index.php\/wp-json\/wp\/v2\/posts"}],"about":[{"href":"https:\/\/lavozdesanesteban.cl\/index.php\/wp-json\/wp\/v2\/types\/post"}],"author":[{"embeddable":true,"href":"https:\/\/lavozdesanesteban.cl\/index.php\/wp-json\/wp\/v2\/users\/2"}],"replies":[{"embeddable":true,"href":"https:\/\/lavozdesanesteban.cl\/index.php\/wp-json\/wp\/v2\/comments?post=4786"}],"version-history":[{"count":1,"href":"https:\/\/lavozdesanesteban.cl\/index.php\/wp-json\/wp\/v2\/posts\/4786\/revisions"}],"predecessor-version":[{"id":4788,"href":"https:\/\/lavozdesanesteban.cl\/index.php\/wp-json\/wp\/v2\/posts\/4786\/revisions\/4788"}],"wp:featuredmedia":[{"embeddable":true,"href":"https:\/\/lavozdesanesteban.cl\/index.php\/wp-json\/wp\/v2\/media\/4787"}],"wp:attachment":[{"href":"https:\/\/lavozdesanesteban.cl\/index.php\/wp-json\/wp\/v2\/media?parent=4786"}],"wp:term":[{"taxonomy":"category","embeddable":true,"href":"https:\/\/lavozdesanesteban.cl\/index.php\/wp-json\/wp\/v2\/categories?post=4786"},{"taxonomy":"post_tag","embeddable":true,"href":"https:\/\/lavozdesanesteban.cl\/index.php\/wp-json\/wp\/v2\/tags?post=4786"}],"curies":[{"name":"wp","href":"https:\/\/api.w.org\/{rel}","templated":true}]}}