{"id":4789,"date":"2025-09-11T01:07:38","date_gmt":"2025-09-11T01:07:38","guid":{"rendered":"https:\/\/lavozdesanesteban.cl\/?p=4789"},"modified":"2025-09-11T01:07:39","modified_gmt":"2025-09-11T01:07:39","slug":"los-andes-se-suma-a-propuesta-de-royalty-portuario-junto-a-municipios-y-parlamentarios","status":"publish","type":"post","link":"https:\/\/lavozdesanesteban.cl\/index.php\/2025\/09\/11\/los-andes-se-suma-a-propuesta-de-royalty-portuario-junto-a-municipios-y-parlamentarios\/","title":{"rendered":"Los Andes se suma a propuesta de royalty portuario junto a municipios y parlamentarios"},"content":{"rendered":"\n<p><\/p>\n\n\n\n<p>La comuna de Los Andes se hizo parte activa en la discusi\u00f3n sobre la creaci\u00f3n de un royalty portuario, iniciativa que busca que los municipios puedan participar de las utilidades que genera la actividad portuaria en el pa\u00eds.<\/p>\n\n\n\n<p>En una reuni\u00f3n realizada entre la Asociaci\u00f3n de Municipalidades Ciudades Puerto, la Asociaci\u00f3n Nacional de Municipalidades de Ciudades Puerto Concesionados y parlamentarios, realizada en el Congreso Nacional, se plante\u00f3 la necesidad de que los municipios tengan representaci\u00f3n en los directorios de las empresas portuarias del Estado y, a la vez, reciban una parte de las ganancias derivadas de la actividad log\u00edstica y de exportaci\u00f3n.<\/p>\n\n\n\n<p>El pr\u00f3ximo 15 de septiembre la C\u00e1mara de Diputados discutir\u00e1 en sala la admisibilidad del proyecto que establece este royalty portuario, considerado clave para avanzar en una mayor equidad territorial.<\/p>\n\n\n\n<p>El senador Francisco Chahu\u00e1n destac\u00f3 el rol de las asociaciones de ciudades-puerto en este proceso: \u201cParte importante de lo que generan los puertos debe quedar en las ciudades que los cobijan. Las ciudades portuarias se han ido empobreciendo, y por eso es fundamental avanzar en un royalty que asegure justicia territorial. Quiero destacar tambi\u00e9n la inclusi\u00f3n de los puertos terrestres, como el puerto de Los Andes, uno de los m\u00e1s importantes del pa\u00eds, que debe ser visibilizado en esta discusi\u00f3n\u201d.<\/p>\n\n\n\n<p>Por su parte, el alcalde de Los Andes, Manuel Rivera, valor\u00f3 la participaci\u00f3n de la comuna en este espacio de di\u00e1logo: \u201cSomos uno de los dos puertos secos que forman parte de esta asociaci\u00f3n junto a los principales puertos mar\u00edtimos. Los Andes es un caso emblem\u00e1tico, porque aqu\u00ed pasa gran parte de la carga nacional con un alto impacto en la ciudad. Lo que buscamos es que, a trav\u00e9s de un royalty o alg\u00fan tipo de beneficio, se compense a nuestras comunidades y se redistribuyan los recursos de manera m\u00e1s justa\u201d.<\/p>\n\n\n\n<p>El edil recalc\u00f3 que los municipios deben visibilizar estos problemas para que el Estado, junto a los parlamentarios, encuentre soluciones estructurales que permitan un desarrollo m\u00e1s equilibrado de las ciudades que sostienen gran parte de la actividad productiva del pa\u00eds.<\/p>\n","protected":false},"excerpt":{"rendered":"<p>La comuna de Los Andes se hizo parte activa en la discusi\u00f3n sobre la creaci\u00f3n de un royalty portuario, iniciativa que busca que los municipios puedan participar de las utilidades que genera la actividad portuaria en el pa\u00eds. En una reuni\u00f3n realizada entre la Asociaci\u00f3n de Municipalidades Ciudades Puerto, la Asociaci\u00f3n Nacional de Municipalidades de &hellip;<\/p>\n","protected":false},"author":2,"featured_media":4790,"comment_status":"open","ping_status":"open","sticky":false,"template":"","format":"standard","meta":{"spay_email":""},"categories":[7],"tags":[8],"jetpack_featured_media_url":"https:\/\/lavozdesanesteban.cl\/wp-content\/uploads\/2025\/09\/PUERTO.jpeg","_links":{"self":[{"href":"https:\/\/lavozdesanesteban.cl\/index.php\/wp-json\/wp\/v2\/posts\/4789"}],"collection":[{"href":"https:\/\/lavozdesanesteban.cl\/index.php\/wp-json\/wp\/v2\/posts"}],"about":[{"href":"https:\/\/lavozdesanesteban.cl\/index.php\/wp-json\/wp\/v2\/types\/post"}],"author":[{"embeddable":true,"href":"https:\/\/lavozdesanesteban.cl\/index.php\/wp-json\/wp\/v2\/users\/2"}],"replies":[{"embeddable":true,"href":"https:\/\/lavozdesanesteban.cl\/index.php\/wp-json\/wp\/v2\/comments?post=4789"}],"version-history":[{"count":1,"href":"https:\/\/lavozdesanesteban.cl\/index.php\/wp-json\/wp\/v2\/posts\/4789\/revisions"}],"predecessor-version":[{"id":4791,"href":"https:\/\/lavozdesanesteban.cl\/index.php\/wp-json\/wp\/v2\/posts\/4789\/revisions\/4791"}],"wp:featuredmedia":[{"embeddable":true,"href":"https:\/\/lavozdesanesteban.cl\/index.php\/wp-json\/wp\/v2\/media\/4790"}],"wp:attachment":[{"href":"https:\/\/lavozdesanesteban.cl\/index.php\/wp-json\/wp\/v2\/media?parent=4789"}],"wp:term":[{"taxonomy":"category","embeddable":true,"href":"https:\/\/lavozdesanesteban.cl\/index.php\/wp-json\/wp\/v2\/categories?post=4789"},{"taxonomy":"post_tag","embeddable":true,"href":"https:\/\/lavozdesanesteban.cl\/index.php\/wp-json\/wp\/v2\/tags?post=4789"}],"curies":[{"name":"wp","href":"https:\/\/api.w.org\/{rel}","templated":true}]}}