{"id":479,"date":"2022-03-09T01:47:22","date_gmt":"2022-03-09T01:47:22","guid":{"rendered":"https:\/\/lavozdesanesteban.cl\/?p=479"},"modified":"2022-03-09T01:47:25","modified_gmt":"2022-03-09T01:47:25","slug":"opd-los-andes-cumple-18-anos-con-el-desafio-de-generar-un-nuevo-plan-comunal-de-la-infancia","status":"publish","type":"post","link":"https:\/\/lavozdesanesteban.cl\/index.php\/2022\/03\/09\/opd-los-andes-cumple-18-anos-con-el-desafio-de-generar-un-nuevo-plan-comunal-de-la-infancia\/","title":{"rendered":"OPD Los Andes cumple 18 a\u00f1os con el desaf\u00edo de generar un nuevo plan comunal de la infancia"},"content":{"rendered":"\n<p><\/p>\n\n\n\n<p><em>La primera Oficina de Protecci\u00f3n de Derechos, OPD, del Valle de Aconcagua cumple 18 a\u00f1os de vida. Impulsada en 2004 por el actual alcalde Manuel Rivera, quien gestion\u00f3 con el ex Servicio Nacional de Menores, ahora Servicio Mejor Ni\u00f1ez, su presencia pionera en Los Andes.<\/em><\/p>\n\n\n\n<p>Ubicado en calle Maip\u00fa 459 (ex Biblioteca Municipal), la Oficina de Protecci\u00f3n de Derechos, OPD, fue inaugurada en 2004, transform\u00e1ndose en la primera en el Valle de Aconcagua y la segunda en la regi\u00f3n. En este tiempo, y como gran hito pudieron elaborar el primer Diagnostico Comunal de la Infancia, en el que participaron todas las instituciones de la red involucradas, a su vez, esto, gener\u00f3 el primer Plan Comunal de la Infancia.<\/p>\n\n\n\n<p>El alcalde Manuel Rivera, enfatiz\u00f3 el orgullo que le provoca haber encabezado esa gesti\u00f3n y ahora con mucha m\u00e1s fuerza estamos trabajando en temas de protecci\u00f3n de derechos de ni\u00f1os, ni\u00f1as y adolescentes. \u201cHoy, tras 18 a\u00f1os, enfrentamos el segundo censo de la infancia que se est\u00e1 trabajando en nuestra comuna. Pero por sobre quiero agradecer a los funcionarios municipales que tuvieron la posibilidad de comenzar, tambi\u00e9n a aquellos que tuvieron un paso por esta oficina, agradecer su aporte; y valorar que hemos incorporado a m\u00e1s profesionales que hacen que la labor con mucha m\u00e1s fuerza.\u201d<\/p>\n\n\n\n<p>Hoy la OPD Infancia Los Andes funciona en convenio municipal con el Servicio Mejor Ni\u00f1ez, en calle Las Heras 452. Evelyn Barahona, educadora comunitaria de la OPD Los Andes, dijo que se cumplen los lineamientos para generar una mejor convivencia y un buen trato hacia la infancia y adolescencia.<\/p>\n\n\n\n<p>Dentro de los desaf\u00edos actuales, se encuentra nuevamente un levantamiento de diagn\u00f3stico local participativo de infancia en conjunto con una consultora externa llamada Heur\u00edstica. El prop\u00f3sito de este trabajo es visualizar cu\u00e1les son las problem\u00e1ticas actuales en relaci\u00f3n a ni\u00f1os, ni\u00f1as y adolescentes.<\/p>\n\n\n\n<p>\u201cLa metodolog\u00eda tiene cinco etapas, la primera etapa fue la recolecci\u00f3n de datos, luego se hizo, una encuesta online en donde participaron m\u00e1s de 1.000 j\u00f3venes de 12 a 17 a\u00f1os. Actualmente nos encontramos en la tercera etapa, caracterizada por focus group con la comunidad y el intersector; hemos realizado con la mesa ampliada del Chile Crece, con el \u00e1mbito de justicia, tambi\u00e9n con el \u00e1rea de la educaci\u00f3n donde participaron diversos establecimientos educacionales representados por sus directores y jardines infantiles, municipales y privados, coment\u00f3 la profesional.<\/p>\n\n\n\n<p>Por su parte, Ivette Fuentes trabajadora social de la OPD Los Andes dijo que \u201ctenemos como v\u00edas de ingreso, el Tribunal de Familia, derivaciones que ellos realizan con casos judicializados, demanda espont\u00e1nea de adultos e ingresos por instituciones comunitarias, es decir, colegios, y salud, principalmente\u201d.<\/p>\n","protected":false},"excerpt":{"rendered":"<p>La primera Oficina de Protecci\u00f3n de Derechos, OPD, del Valle de Aconcagua cumple 18 a\u00f1os de vida. Impulsada en 2004 por el actual alcalde Manuel Rivera, quien gestion\u00f3 con el ex Servicio Nacional de Menores, ahora Servicio Mejor Ni\u00f1ez, su presencia pionera en Los Andes. Ubicado en calle Maip\u00fa 459 (ex Biblioteca Municipal), la Oficina &hellip;<\/p>\n","protected":false},"author":2,"featured_media":480,"comment_status":"open","ping_status":"open","sticky":false,"template":"","format":"standard","meta":{"spay_email":""},"categories":[7],"tags":[8],"jetpack_featured_media_url":"https:\/\/lavozdesanesteban.cl\/wp-content\/uploads\/2022\/03\/OPD.jpeg","_links":{"self":[{"href":"https:\/\/lavozdesanesteban.cl\/index.php\/wp-json\/wp\/v2\/posts\/479"}],"collection":[{"href":"https:\/\/lavozdesanesteban.cl\/index.php\/wp-json\/wp\/v2\/posts"}],"about":[{"href":"https:\/\/lavozdesanesteban.cl\/index.php\/wp-json\/wp\/v2\/types\/post"}],"author":[{"embeddable":true,"href":"https:\/\/lavozdesanesteban.cl\/index.php\/wp-json\/wp\/v2\/users\/2"}],"replies":[{"embeddable":true,"href":"https:\/\/lavozdesanesteban.cl\/index.php\/wp-json\/wp\/v2\/comments?post=479"}],"version-history":[{"count":1,"href":"https:\/\/lavozdesanesteban.cl\/index.php\/wp-json\/wp\/v2\/posts\/479\/revisions"}],"predecessor-version":[{"id":481,"href":"https:\/\/lavozdesanesteban.cl\/index.php\/wp-json\/wp\/v2\/posts\/479\/revisions\/481"}],"wp:featuredmedia":[{"embeddable":true,"href":"https:\/\/lavozdesanesteban.cl\/index.php\/wp-json\/wp\/v2\/media\/480"}],"wp:attachment":[{"href":"https:\/\/lavozdesanesteban.cl\/index.php\/wp-json\/wp\/v2\/media?parent=479"}],"wp:term":[{"taxonomy":"category","embeddable":true,"href":"https:\/\/lavozdesanesteban.cl\/index.php\/wp-json\/wp\/v2\/categories?post=479"},{"taxonomy":"post_tag","embeddable":true,"href":"https:\/\/lavozdesanesteban.cl\/index.php\/wp-json\/wp\/v2\/tags?post=479"}],"curies":[{"name":"wp","href":"https:\/\/api.w.org\/{rel}","templated":true}]}}