{"id":4792,"date":"2025-09-11T01:10:50","date_gmt":"2025-09-11T01:10:50","guid":{"rendered":"https:\/\/lavozdesanesteban.cl\/?p=4792"},"modified":"2025-09-11T01:10:51","modified_gmt":"2025-09-11T01:10:51","slug":"municipio-de-san-esteban-entrego-subvenciones-a-mas-de-80-organizaciones-sociales-de-la-comuna","status":"publish","type":"post","link":"https:\/\/lavozdesanesteban.cl\/index.php\/2025\/09\/11\/municipio-de-san-esteban-entrego-subvenciones-a-mas-de-80-organizaciones-sociales-de-la-comuna\/","title":{"rendered":"Municipio de San Esteban entreg\u00f3 subvenciones a m\u00e1s de 80 organizaciones sociales de la comuna"},"content":{"rendered":"\n<p><\/p>\n\n\n\n<ul><li>Con una inversi\u00f3n municipal superior 100 millones de pesos, las agrupaciones financiar\u00e1n diversas iniciativas que favorecer\u00e1n a sus sectores y asociados.<\/li><\/ul>\n\n\n\n<p>En una ceremonia desarrollada en la Plaza de Armas, el municipio de San Esteban, junto al Concejo Municipal, hizo entrega de las subvenciones a 83<a><\/a> organizaciones sociales de la comuna, favoreciendo con ello, la posibilidad de que realicen distintas iniciativas de desarrollo para sus sectores y asociaciones.<\/p>\n\n\n\n<p>Para ello, se dispuso de una inversi\u00f3n de 104 millones de pesos, que ser\u00e1n utilizados por las agrupaciones para financiar actividades o servicios sociales, deportivos, culturales, entre otros.<\/p>\n\n\n\n<p>Durante la actividad, el alcalde Christian Ortega se\u00f1al\u00f3 que, a\u00f1o a a\u00f1o, se ha realizado un trabajo minucioso por hacer que las organizaciones participen activamente de este proceso: \u201cquiero manifestar la alegr\u00eda que como municipio nos da entregar esta subvenciones municipales 2025. Este es un proceso que lo hemos trabajado de manera participativa, junto a las organizaciones, por tanto, entendemos que ser\u00e1n recursos muy bien utilizados por los vecinos. Lo que buscamos, es que a\u00f1o a a\u00f1o, sea un proceso m\u00e1s abierto a la comunidad y que m\u00e1s organizaciones puedan acceder a estos recursos\u201d, afirm\u00f3 el jefe comunal.<\/p>\n\n\n\n<p>Entre los beneficiarios, se encontraba la agrupaci\u00f3n que atiende a la neurodivergencia local, conocida como \u201cneuroarcoiris\u201d, representada por su presidenta, Karina Quintana, quien se\u00f1al\u00f3 que \u201cEstos recursos son muy importantes. Para nuestra agrupaci\u00f3n, significa la posibilidad de seguir realizando terapias a nuestros ni\u00f1os, ya con mejor y mayor implementaci\u00f3n. Estamos muy felices por esta subvenci\u00f3n\u201d, afirm\u00f3.<\/p>\n\n\n\n<p>Cabe destacar que uno de los principales hitos de la administraci\u00f3n municipal, es el constante apoyo a las organizaciones sociales locales y la realizaci\u00f3n de procesos participativos y de manera transparente.<\/p>\n","protected":false},"excerpt":{"rendered":"<p>Con una inversi\u00f3n municipal superior 100 millones de pesos, las agrupaciones financiar\u00e1n diversas iniciativas que favorecer\u00e1n a sus sectores y asociados. En una ceremonia desarrollada en la Plaza de Armas, el municipio de San Esteban, junto al Concejo Municipal, hizo entrega de las subvenciones a 83 organizaciones sociales de la comuna, favoreciendo con ello, la &hellip;<\/p>\n","protected":false},"author":2,"featured_media":4793,"comment_status":"open","ping_status":"open","sticky":false,"template":"","format":"standard","meta":{"spay_email":""},"categories":[2],"tags":[8],"jetpack_featured_media_url":"https:\/\/lavozdesanesteban.cl\/wp-content\/uploads\/2025\/09\/SUBENCIONES-scaled.jpg","_links":{"self":[{"href":"https:\/\/lavozdesanesteban.cl\/index.php\/wp-json\/wp\/v2\/posts\/4792"}],"collection":[{"href":"https:\/\/lavozdesanesteban.cl\/index.php\/wp-json\/wp\/v2\/posts"}],"about":[{"href":"https:\/\/lavozdesanesteban.cl\/index.php\/wp-json\/wp\/v2\/types\/post"}],"author":[{"embeddable":true,"href":"https:\/\/lavozdesanesteban.cl\/index.php\/wp-json\/wp\/v2\/users\/2"}],"replies":[{"embeddable":true,"href":"https:\/\/lavozdesanesteban.cl\/index.php\/wp-json\/wp\/v2\/comments?post=4792"}],"version-history":[{"count":1,"href":"https:\/\/lavozdesanesteban.cl\/index.php\/wp-json\/wp\/v2\/posts\/4792\/revisions"}],"predecessor-version":[{"id":4794,"href":"https:\/\/lavozdesanesteban.cl\/index.php\/wp-json\/wp\/v2\/posts\/4792\/revisions\/4794"}],"wp:featuredmedia":[{"embeddable":true,"href":"https:\/\/lavozdesanesteban.cl\/index.php\/wp-json\/wp\/v2\/media\/4793"}],"wp:attachment":[{"href":"https:\/\/lavozdesanesteban.cl\/index.php\/wp-json\/wp\/v2\/media?parent=4792"}],"wp:term":[{"taxonomy":"category","embeddable":true,"href":"https:\/\/lavozdesanesteban.cl\/index.php\/wp-json\/wp\/v2\/categories?post=4792"},{"taxonomy":"post_tag","embeddable":true,"href":"https:\/\/lavozdesanesteban.cl\/index.php\/wp-json\/wp\/v2\/tags?post=4792"}],"curies":[{"name":"wp","href":"https:\/\/api.w.org\/{rel}","templated":true}]}}