{"id":4795,"date":"2025-09-11T01:13:25","date_gmt":"2025-09-11T01:13:25","guid":{"rendered":"https:\/\/lavozdesanesteban.cl\/?p=4795"},"modified":"2025-09-11T01:13:27","modified_gmt":"2025-09-11T01:13:27","slug":"se-habilito-paso-de-vehiculos-en-nueva-avenida-manuel-rodriguez-de-llay-llay","status":"publish","type":"post","link":"https:\/\/lavozdesanesteban.cl\/index.php\/2025\/09\/11\/se-habilito-paso-de-vehiculos-en-nueva-avenida-manuel-rodriguez-de-llay-llay\/","title":{"rendered":"Se habilit\u00f3 paso de veh\u00edculos en nueva Avenida Manuel Rodr\u00edguez de Llay Llay"},"content":{"rendered":"\n<p><\/p>\n\n\n\n<p>Gracias al proyecto presentado por la municipalidad y los recursos del Consejo Regional por un monto cercano a los $2.100 millones se concret\u00f3 esta importante iniciativa.<\/p>\n\n\n\n<p>Ayer lunes y tras un proceso de construcci\u00f3n, finalmente se habilit\u00f3 en toda su extensi\u00f3n, desde la Plaza Manuel Rodr\u00edguez hasta el sector 9, esta nueva y moderna avenida, siendo uno de las m\u00e1s importantes de la comuna del viento. Esta transitada calle estaba en muy malas condiciones por el paso de los a\u00f1os, por lo que, gracias a este proyecto de reposici\u00f3n, se mejor\u00f3 sustancialmente.<\/p>\n\n\n\n<p>Los trabajos en su primera fase se realizaron en el tramo que va desde la avenida Bernardo O\u2019Higgins hasta el cruce ferroviario de calle 21 de mayo. En su segundan etapa fue desde Bernardo O\u2019Higgins hasta la plaza Manuel Rodr\u00edguez.&nbsp; Ambas etapas se encuentran con m\u00e1s de 90% de avance y debido a lo necesario de su uso, se procedi\u00f3 a habilitarla para el paso de veh\u00edculos y peatones.<\/p>\n\n\n\n<p>\u201cEstamos muy felices, porque esta es una de las principales avenidas de nuestra comuna y necesitaba urgentemente convertirla en una arteria moderna y con todos los est\u00e1ndares de calidad. Estaba muy mala, pero con esta iniciativa levantada por el municipio y financiada por el Gobierno Regional ahora se habilita para que nuestros vecinos y vecinas puedan utilizarla, mejorando sustancialmente el transito en la zona c\u00e9ntrica de la comuna. Es parte de un rescate de nuestro casco hist\u00f3rico, con la Estaci\u00f3n, calle Varas, el Fort\u00edn Ferroviario, nobiliario y luminarias en Balmaceda y Edwards, las letras volum\u00e9tricas; ahora estamos ejecutando la recuperaci\u00f3n del Teatro Municipal y esta nueva Avenida Manuel Rodr\u00edguez que ahora sen habilito. Es un gran cambio que mejora la calidad de vida de toda la comuna\u201d, expres\u00f3 el alcalde Edgardo Gonz\u00e1lez Arancibia.<\/p>\n\n\n\n<p>Las obras contin\u00faan para finiquitar los \u00faltimos detalles de esta importante obra de adelanto, con el fin de&nbsp; ser recepcionada por el Departamento de Obras Municipal.<\/p>\n","protected":false},"excerpt":{"rendered":"<p>Gracias al proyecto presentado por la municipalidad y los recursos del Consejo Regional por un monto cercano a los $2.100 millones se concret\u00f3 esta importante iniciativa. Ayer lunes y tras un proceso de construcci\u00f3n, finalmente se habilit\u00f3 en toda su extensi\u00f3n, desde la Plaza Manuel Rodr\u00edguez hasta el sector 9, esta nueva y moderna avenida, &hellip;<\/p>\n","protected":false},"author":2,"featured_media":4796,"comment_status":"open","ping_status":"open","sticky":false,"template":"","format":"standard","meta":{"spay_email":""},"categories":[7],"tags":[8],"jetpack_featured_media_url":"https:\/\/lavozdesanesteban.cl\/wp-content\/uploads\/2025\/09\/Nueva-Manuel-Rodriguez.jpg","_links":{"self":[{"href":"https:\/\/lavozdesanesteban.cl\/index.php\/wp-json\/wp\/v2\/posts\/4795"}],"collection":[{"href":"https:\/\/lavozdesanesteban.cl\/index.php\/wp-json\/wp\/v2\/posts"}],"about":[{"href":"https:\/\/lavozdesanesteban.cl\/index.php\/wp-json\/wp\/v2\/types\/post"}],"author":[{"embeddable":true,"href":"https:\/\/lavozdesanesteban.cl\/index.php\/wp-json\/wp\/v2\/users\/2"}],"replies":[{"embeddable":true,"href":"https:\/\/lavozdesanesteban.cl\/index.php\/wp-json\/wp\/v2\/comments?post=4795"}],"version-history":[{"count":1,"href":"https:\/\/lavozdesanesteban.cl\/index.php\/wp-json\/wp\/v2\/posts\/4795\/revisions"}],"predecessor-version":[{"id":4797,"href":"https:\/\/lavozdesanesteban.cl\/index.php\/wp-json\/wp\/v2\/posts\/4795\/revisions\/4797"}],"wp:featuredmedia":[{"embeddable":true,"href":"https:\/\/lavozdesanesteban.cl\/index.php\/wp-json\/wp\/v2\/media\/4796"}],"wp:attachment":[{"href":"https:\/\/lavozdesanesteban.cl\/index.php\/wp-json\/wp\/v2\/media?parent=4795"}],"wp:term":[{"taxonomy":"category","embeddable":true,"href":"https:\/\/lavozdesanesteban.cl\/index.php\/wp-json\/wp\/v2\/categories?post=4795"},{"taxonomy":"post_tag","embeddable":true,"href":"https:\/\/lavozdesanesteban.cl\/index.php\/wp-json\/wp\/v2\/tags?post=4795"}],"curies":[{"name":"wp","href":"https:\/\/api.w.org\/{rel}","templated":true}]}}