{"id":4801,"date":"2025-09-11T01:21:11","date_gmt":"2025-09-11T01:21:11","guid":{"rendered":"https:\/\/lavozdesanesteban.cl\/?p=4801"},"modified":"2025-09-11T01:21:12","modified_gmt":"2025-09-11T01:21:12","slug":"el-proximo-4-de-octubre-se-realizara-jornada-de-reciclaje-de-residuos-electronicos","status":"publish","type":"post","link":"https:\/\/lavozdesanesteban.cl\/index.php\/2025\/09\/11\/el-proximo-4-de-octubre-se-realizara-jornada-de-reciclaje-de-residuos-electronicos\/","title":{"rendered":"El pr\u00f3ximo 4 de octubre se realizar\u00e1 jornada de reciclaje de residuos electr\u00f3nicos"},"content":{"rendered":"\n<p><\/p>\n\n\n\n<ul><li>La actividad surge a ra\u00edz de un convenio entre la Corporaci\u00f3n Pro Aconcagua y Horse Chile. La jornada se llevar\u00e1 a cabo en las instalaciones de la empresa y estar\u00e1 abierta a toda la comunidad del Valle.<\/li><\/ul>\n\n\n\n<p>El pr\u00f3ximo s\u00e1bado 4 de octubre se desarrollar\u00e1 la actividad de reciclaje EcoHorse Day, fruto de un convenio entre Pro Aconcagua y Horse Chile, una de las empresas socias de la Corporaci\u00f3n.<\/p>\n\n\n\n<p>La actividad trata de un evento de reciclaje con foco en aparatos electr\u00f3nicos, el cual se efectuar\u00e1 en dependencias de Horse Chile, ubicado en San Rafael 1769, Los Andes, entre las 10 y hasta las 14 horas.<\/p>\n\n\n\n<p>B\u00e1sicamente, el objetivo es recibir todo lo que son aparatos electr\u00f3nicos en desuso, que est\u00e1n apilados -muchas veces- en las casas, permitiendo su reciclaje y cuya actividad reunir\u00e1 como m\u00e1ximo 2 toneladas de residuos.<\/p>\n\n\n\n<p>La actividad tendr\u00e1 stands informativos, Food Trucks y juegos infantiles, con el prop\u00f3sito de acompa\u00f1ar esta jornada de reciclaje, el pr\u00f3ximo s\u00e1bado 4 de octubre.<\/p>\n\n\n\n<p>Cabe mencionar que Horse Chile, empresa socia de la corporaci\u00f3n, a trav\u00e9s de su pol\u00edtica de responsabilidad empresarial, busca aportar valor a las comunidades donde est\u00e1 inserto; mientras que para Pro Aconcagua esto revitaliza el objetivo de ejecutar actividades sociales en beneficio de todo el valle.<\/p>\n\n\n\n<p>La gerente de Pro Aconcagua, Claudia Gajardo, sostuvo que esto fortalece el trabajo desarrollado por la instituci\u00f3n en materia de medioambiente, \u201cdurante el \u00faltimo tiempo estamos enfocado en generar alternativas para reducir los residuos org\u00e1nicos y ahora vamos con esta otra \u00e1rea dirigida a reciclar los artefactos electr\u00f3nicos\u201d.<\/p>\n\n\n\n<p>\u201cGeneralmente, no sabemos qu\u00e9 hacer con ellos, d\u00f3nde ir a dejarlos, por eso, la idea es que todos participan en este EcoHorse Day que nos permitir\u00e1 reciclar y ayudar as\u00ed en la preservaci\u00f3n del medioambiente\u201d, sostuvo.<\/p>\n\n\n\n<p>El director general de Horse Chile, Diego Cufr\u00e9, destac\u00f3 la importancia de esta iniciativa, esperando que ese d\u00eda se re\u00fanan cerca de dos toneladas de aparatos el\u00e9ctricos, \u201cest\u00e1 abierto para toda la comunidad del valle\u201d.<\/p>\n\n\n\n<p>\u201cTambi\u00e9n nos permitir\u00e1 que las personas conozcan la f\u00e1brica que est\u00e1 hace 56 a\u00f1os en Los Andes y que, pr\u00f3ximamente, cumpliremos con la fabricaci\u00f3n de 8 millones de cajas de cambio exportadas para toda Latinoam\u00e9rica\u201d, expres\u00f3.<\/p>\n\n\n\n<p>Ricardo Ghiorzi, director de Pro Aconcagua y gerente de Puerto Terrestre Los Andes, valor\u00f3 la firma de este convenio para el desarrollo de esta actividad, sobre todo que surjan desde los propios socios de la Corporaci\u00f3n.<\/p>\n","protected":false},"excerpt":{"rendered":"<p>La actividad surge a ra\u00edz de un convenio entre la Corporaci\u00f3n Pro Aconcagua y Horse Chile. La jornada se llevar\u00e1 a cabo en las instalaciones de la empresa y estar\u00e1 abierta a toda la comunidad del Valle. El pr\u00f3ximo s\u00e1bado 4 de octubre se desarrollar\u00e1 la actividad de reciclaje EcoHorse Day, fruto de un convenio &hellip;<\/p>\n","protected":false},"author":2,"featured_media":4802,"comment_status":"open","ping_status":"open","sticky":false,"template":"","format":"standard","meta":{"spay_email":""},"categories":[7],"tags":[8],"jetpack_featured_media_url":"https:\/\/lavozdesanesteban.cl\/wp-content\/uploads\/2025\/09\/Firma_2-scaled.jpg","_links":{"self":[{"href":"https:\/\/lavozdesanesteban.cl\/index.php\/wp-json\/wp\/v2\/posts\/4801"}],"collection":[{"href":"https:\/\/lavozdesanesteban.cl\/index.php\/wp-json\/wp\/v2\/posts"}],"about":[{"href":"https:\/\/lavozdesanesteban.cl\/index.php\/wp-json\/wp\/v2\/types\/post"}],"author":[{"embeddable":true,"href":"https:\/\/lavozdesanesteban.cl\/index.php\/wp-json\/wp\/v2\/users\/2"}],"replies":[{"embeddable":true,"href":"https:\/\/lavozdesanesteban.cl\/index.php\/wp-json\/wp\/v2\/comments?post=4801"}],"version-history":[{"count":1,"href":"https:\/\/lavozdesanesteban.cl\/index.php\/wp-json\/wp\/v2\/posts\/4801\/revisions"}],"predecessor-version":[{"id":4803,"href":"https:\/\/lavozdesanesteban.cl\/index.php\/wp-json\/wp\/v2\/posts\/4801\/revisions\/4803"}],"wp:featuredmedia":[{"embeddable":true,"href":"https:\/\/lavozdesanesteban.cl\/index.php\/wp-json\/wp\/v2\/media\/4802"}],"wp:attachment":[{"href":"https:\/\/lavozdesanesteban.cl\/index.php\/wp-json\/wp\/v2\/media?parent=4801"}],"wp:term":[{"taxonomy":"category","embeddable":true,"href":"https:\/\/lavozdesanesteban.cl\/index.php\/wp-json\/wp\/v2\/categories?post=4801"},{"taxonomy":"post_tag","embeddable":true,"href":"https:\/\/lavozdesanesteban.cl\/index.php\/wp-json\/wp\/v2\/tags?post=4801"}],"curies":[{"name":"wp","href":"https:\/\/api.w.org\/{rel}","templated":true}]}}