{"id":4804,"date":"2025-09-11T01:31:05","date_gmt":"2025-09-11T01:31:05","guid":{"rendered":"https:\/\/lavozdesanesteban.cl\/?p=4804"},"modified":"2025-09-11T01:31:06","modified_gmt":"2025-09-11T01:31:06","slug":"obras-de-mejoramiento-de-av-republica-en-limache-seran-financiadas-por-el-gobierno-regional-de-valparaiso","status":"publish","type":"post","link":"https:\/\/lavozdesanesteban.cl\/index.php\/2025\/09\/11\/obras-de-mejoramiento-de-av-republica-en-limache-seran-financiadas-por-el-gobierno-regional-de-valparaiso\/","title":{"rendered":"Obras de mejoramiento de Av. Rep\u00fablica en Limache ser\u00e1n financiadas por el Gobierno Regional de Valpara\u00edso"},"content":{"rendered":"\n<p><\/p>\n\n\n\n<ul><li><em>Trabajos de pavimentaci\u00f3n entre el tramo Av. Palmira Romano Sur hasta Av. 18 de septiembre cuentan con una inversi\u00f3n de m\u00e1s de 3 mil millones de pesos por parte del GORE.<\/em><\/li><\/ul>\n\n\n\n<p>El Gobernador Regional de Valpara\u00edso, Rodrigo Mundaca, arrib\u00f3 hasta la comuna de Limache para reunirse con su alcalde, Luciano Valenzuela, con el prop\u00f3sito de examinar in situ los detalles del proyecto de mejoramiento de la Avenida Rep\u00fablica, eje central de la comuna, que cuenta con un financiamiento por parte del Gobierno Regional (GORE) de m\u00e1s de 3 mil millones de pesos.<\/p>\n\n\n\n<p>La iniciativa contempla la repavimentaci\u00f3n comprendida en el tramo desde Av. Palmira Romano Sur hasta Av. 18 de septiembre, en una longitud de 1817 metros lineales. De esta manera, la calzada considera una carpeta de hormig\u00f3n hf-5 de espesor de 18 cm, junto con una base granular de 15 cm de espesor, con capacidad de soporte CBR 60%. Adem\u00e1s, veredas peatonales de 1,5 metros de ancho a lo largo de ambos costados de la calle, con terminaci\u00f3n en baldosas microvibradas, dispositivos de rodados de hormig\u00f3n, se\u00f1alizaci\u00f3n y demarcaci\u00f3n.<\/p>\n\n\n\n<p>El <strong>Gobernador Regional de Valpara\u00edso, Rodrigo Mundaca,<\/strong> se\u00f1al\u00f3 respecto a este importante avance que \u201cJunto a Luciano hace dos meses y medio caminamos por esta avenida y me plante\u00f3 el sue\u00f1o que ten\u00eda de poder tener recursos para mejorar las condiciones de transporte, de movilidad, de soleras, de aceras, de pavimentaci\u00f3n en una de las avenidas principales de la comuna de Limache. Hoy d\u00eda es una realidad, a prop\u00f3sito que hace un par de semanas atr\u00e1s aprobamos una cuantiosa inversi\u00f3n para esta avenida, la avenida Rep\u00fablica, casi 4 mil millones de pesos. Voy a seguir trabajando con el alcalde y junto a sus concejales porque seguir trabajando con los municipios, seguir aspirando a tener una regi\u00f3n de derechos donde prevalezca el bienestar, es un imperativo \u00e9tico y moral y en eso estamos absolutamente de la mano junto alcalde, sus concejales, y las vecinas y vecinos que habitan esta hermosa comuna\u201d.<\/p>\n\n\n\n<p>Este proyecto de pavimentaci\u00f3n era prioritario para los vecinos, principalmente del sector Limache viejo, ya que el mal estado de la Av. Rep\u00fablica significa una afectaci\u00f3n a todo el tr\u00e1nsito vehicular debido a su configuraci\u00f3n en damero, perjudicando a una poblaci\u00f3n que representa al 61,8% de la poblaci\u00f3n total de la comuna de Limache.<\/p>\n\n\n\n<p>En ese sentido, el <strong>alcalde de Limache, Luciano Valenzuela,<\/strong> indic\u00f3 que \u201cNos reunimos con el Gobernador Rodrigo Mundaca, a quien agradezco el tiempo, para conversar sobre este proyecto que va a cambiar la vida de miles de limachinos. Pudimos ver los plazos, saber c\u00f3mo esto ya se va a transformar en una realidad, y -lo m\u00e1s importante- saber c\u00f3mo podemos seguir avanzando para que la comuna no se detenga. Agradecemos el compromiso del Gobernador de venir presencialmente a la comuna para poder trabajar en conjunto por el desarrollo de Limache\u201d.<\/p>\n\n\n\n<p>Cabe se\u00f1alar que el Gobierno Regional de Valpara\u00edso ha priorizado una cartera de inversi\u00f3n 2021-2025 para la provincia de Marga Marga de 33.805.686 mil millones de pesos, y, espec\u00edficamente, en la comuna de Limache el GORE ha priorizado m\u00e1s de 6 mil millones de pesos para diversos proyectos que permitir\u00e1n mejorar la calidad de vida de los habitantes.<\/p>\n","protected":false},"excerpt":{"rendered":"<p>Trabajos de pavimentaci\u00f3n entre el tramo Av. Palmira Romano Sur hasta Av. 18 de septiembre cuentan con una inversi\u00f3n de m\u00e1s de 3 mil millones de pesos por parte del GORE. El Gobernador Regional de Valpara\u00edso, Rodrigo Mundaca, arrib\u00f3 hasta la comuna de Limache para reunirse con su alcalde, Luciano Valenzuela, con el prop\u00f3sito de &hellip;<\/p>\n","protected":false},"author":2,"featured_media":4805,"comment_status":"open","ping_status":"open","sticky":false,"template":"","format":"standard","meta":{"spay_email":""},"categories":[3],"tags":[8],"jetpack_featured_media_url":"https:\/\/lavozdesanesteban.cl\/wp-content\/uploads\/2025\/09\/CALLE.jpg","_links":{"self":[{"href":"https:\/\/lavozdesanesteban.cl\/index.php\/wp-json\/wp\/v2\/posts\/4804"}],"collection":[{"href":"https:\/\/lavozdesanesteban.cl\/index.php\/wp-json\/wp\/v2\/posts"}],"about":[{"href":"https:\/\/lavozdesanesteban.cl\/index.php\/wp-json\/wp\/v2\/types\/post"}],"author":[{"embeddable":true,"href":"https:\/\/lavozdesanesteban.cl\/index.php\/wp-json\/wp\/v2\/users\/2"}],"replies":[{"embeddable":true,"href":"https:\/\/lavozdesanesteban.cl\/index.php\/wp-json\/wp\/v2\/comments?post=4804"}],"version-history":[{"count":1,"href":"https:\/\/lavozdesanesteban.cl\/index.php\/wp-json\/wp\/v2\/posts\/4804\/revisions"}],"predecessor-version":[{"id":4806,"href":"https:\/\/lavozdesanesteban.cl\/index.php\/wp-json\/wp\/v2\/posts\/4804\/revisions\/4806"}],"wp:featuredmedia":[{"embeddable":true,"href":"https:\/\/lavozdesanesteban.cl\/index.php\/wp-json\/wp\/v2\/media\/4805"}],"wp:attachment":[{"href":"https:\/\/lavozdesanesteban.cl\/index.php\/wp-json\/wp\/v2\/media?parent=4804"}],"wp:term":[{"taxonomy":"category","embeddable":true,"href":"https:\/\/lavozdesanesteban.cl\/index.php\/wp-json\/wp\/v2\/categories?post=4804"},{"taxonomy":"post_tag","embeddable":true,"href":"https:\/\/lavozdesanesteban.cl\/index.php\/wp-json\/wp\/v2\/tags?post=4804"}],"curies":[{"name":"wp","href":"https:\/\/api.w.org\/{rel}","templated":true}]}}