{"id":4807,"date":"2025-09-11T01:38:25","date_gmt":"2025-09-11T01:38:25","guid":{"rendered":"https:\/\/lavozdesanesteban.cl\/?p=4807"},"modified":"2025-09-11T01:38:27","modified_gmt":"2025-09-11T01:38:27","slug":"esval-concluye-primera-fase-de-mejoramiento-de-redes-en-los-andes-beneficiara-a-mas-de-4-000-hogares","status":"publish","type":"post","link":"https:\/\/lavozdesanesteban.cl\/index.php\/2025\/09\/11\/esval-concluye-primera-fase-de-mejoramiento-de-redes-en-los-andes-beneficiara-a-mas-de-4-000-hogares\/","title":{"rendered":"Esval concluye primera fase de mejoramiento de redes en Los Andes: beneficiar\u00e1 a m\u00e1s de 4.000 hogares"},"content":{"rendered":"\n<p><\/p>\n\n\n\n<ul><li><em>Ya se renov\u00f3 m\u00e1s de 1 kil\u00f3metro de tuber\u00edas en la calle Pascual Baburizza. La inversi\u00f3n total del proyecto bordea los 1,5 millones de d\u00f3lares.<\/em><\/li><\/ul>\n\n\n\n<ul><li><em>Para la conexi\u00f3n de la nueva infraestructura, este mi\u00e9rcoles 10 de septiembre se realizar\u00e1 un corte programado en algunos sectores de la comuna.<\/em><\/li><\/ul>\n\n\n\n<p> Esval finaliz\u00f3 la primera etapa del proyecto de renovaci\u00f3n de redes que se ejecuta en diversos sectores de Los Andes. La iniciativa tiene una inversi\u00f3n que bordea los 1,5 millones de d\u00f3lares y beneficiar\u00e1 directamente a m\u00e1s de 4.000 hogares de la comuna.<\/p>\n\n\n\n<p>\u201cEste proyecto nos permite seguir modernizando la infraestructura sanitaria, robusteciendo nuestros sistemas de distribuci\u00f3n de agua potable y recolecci\u00f3n de aguas servidas, para seguir mejorando nuestro servicio. As\u00ed apoyamos el crecimiento de la comuna y aportamos a una mejor calidad de vida de miles de familias\u201d, se\u00f1al\u00f3 el subgerente zonal de Esval, Rodrigo Lastra.<\/p>\n\n\n\n<p>La sanitaria concluy\u00f3 el recambio de m\u00e1s de 1 kil\u00f3metro de redes de agua potable en calle Pascual Baburizza, entre Ren\u00e9 Schneider y H\u00e9ctor Humeres, tramo que tuvo una inversi\u00f3n de $375 millones. En las pr\u00f3ximas semanas, se iniciar\u00e1n la renovaci\u00f3n de 700 metros de colectores en calle Salvador Allende y la interconexi\u00f3n y ampliaci\u00f3n de redes en el parque Costanera.<\/p>\n\n\n\n<p><strong>Corte programado<\/strong><\/p>\n\n\n\n<p>Para la conexi\u00f3n y puesta en operaci\u00f3n de esta infraestructura, este mi\u00e9rcoles 10 de septiembre se realizar\u00e1 un corte programado de agua potable a partir de las 15:00 horas y hasta la 1 de la madrugada del jueves 11.<\/p>\n\n\n\n<p>La suspensi\u00f3n del servicio abarcar\u00e1 los sectores de: La Concepci\u00f3n, El Remanso, El Horizonte, El Patagual, Los Portones, Barrio Oriente, Los Monjes, Las Bodegas y la Villa Los Morenos, adem\u00e1s de los condominios La Vi\u00f1a, La Vendimia y Las Barricas.<\/p>\n\n\n\n<p>Como medida de mitigaci\u00f3n para la comunidad, Esval dispondr\u00e1 el recorrido de 4 camiones aljibes y la instalaci\u00f3n de 10 estanques de suministro alternativo. En caso de consultas o requerimientos de apoyo, se mantendr\u00e1n a disposici\u00f3n la l\u00ednea 600 600 60 60 y el WhatsApp +569 99000336.<\/p>\n","protected":false},"excerpt":{"rendered":"<p>Ya se renov\u00f3 m\u00e1s de 1 kil\u00f3metro de tuber\u00edas en la calle Pascual Baburizza. La inversi\u00f3n total del proyecto bordea los 1,5 millones de d\u00f3lares. Para la conexi\u00f3n de la nueva infraestructura, este mi\u00e9rcoles 10 de septiembre se realizar\u00e1 un corte programado en algunos sectores de la comuna. Esval finaliz\u00f3 la primera etapa del proyecto &hellip;<\/p>\n","protected":false},"author":2,"featured_media":4808,"comment_status":"open","ping_status":"open","sticky":false,"template":"","format":"standard","meta":{"spay_email":""},"categories":[7],"tags":[8],"jetpack_featured_media_url":"https:\/\/lavozdesanesteban.cl\/wp-content\/uploads\/2025\/09\/Obras-Pascual-Baburizza-1.jpeg","_links":{"self":[{"href":"https:\/\/lavozdesanesteban.cl\/index.php\/wp-json\/wp\/v2\/posts\/4807"}],"collection":[{"href":"https:\/\/lavozdesanesteban.cl\/index.php\/wp-json\/wp\/v2\/posts"}],"about":[{"href":"https:\/\/lavozdesanesteban.cl\/index.php\/wp-json\/wp\/v2\/types\/post"}],"author":[{"embeddable":true,"href":"https:\/\/lavozdesanesteban.cl\/index.php\/wp-json\/wp\/v2\/users\/2"}],"replies":[{"embeddable":true,"href":"https:\/\/lavozdesanesteban.cl\/index.php\/wp-json\/wp\/v2\/comments?post=4807"}],"version-history":[{"count":1,"href":"https:\/\/lavozdesanesteban.cl\/index.php\/wp-json\/wp\/v2\/posts\/4807\/revisions"}],"predecessor-version":[{"id":4809,"href":"https:\/\/lavozdesanesteban.cl\/index.php\/wp-json\/wp\/v2\/posts\/4807\/revisions\/4809"}],"wp:featuredmedia":[{"embeddable":true,"href":"https:\/\/lavozdesanesteban.cl\/index.php\/wp-json\/wp\/v2\/media\/4808"}],"wp:attachment":[{"href":"https:\/\/lavozdesanesteban.cl\/index.php\/wp-json\/wp\/v2\/media?parent=4807"}],"wp:term":[{"taxonomy":"category","embeddable":true,"href":"https:\/\/lavozdesanesteban.cl\/index.php\/wp-json\/wp\/v2\/categories?post=4807"},{"taxonomy":"post_tag","embeddable":true,"href":"https:\/\/lavozdesanesteban.cl\/index.php\/wp-json\/wp\/v2\/tags?post=4807"}],"curies":[{"name":"wp","href":"https:\/\/api.w.org\/{rel}","templated":true}]}}