{"id":4810,"date":"2025-09-11T01:41:44","date_gmt":"2025-09-11T01:41:44","guid":{"rendered":"https:\/\/lavozdesanesteban.cl\/?p=4810"},"modified":"2025-09-11T01:41:46","modified_gmt":"2025-09-11T01:41:46","slug":"san-felipe-y-los-andes-buscan-ser-sede-del-mundial-femenino-sub-17-de-voleibol-2026","status":"publish","type":"post","link":"https:\/\/lavozdesanesteban.cl\/index.php\/2025\/09\/11\/san-felipe-y-los-andes-buscan-ser-sede-del-mundial-femenino-sub-17-de-voleibol-2026\/","title":{"rendered":"San Felipe y Los Andes buscan ser sede del Mundial Femenino sub 17 de Voleibol 2026"},"content":{"rendered":"\n<p><\/p>\n\n\n\n<p>Los alcaldes de las comunas de San Felipe y Los Andes, Carmen Castillo Taucher y Manuel Rivera, junto al presidente de la Federaci\u00f3n de Voleibol de Chile, Jorge Pino, dieron a conocer la iniciativa que busca que ambas comunas aconcag\u00fcinas sean sede del pr\u00f3ximo Mundial Femenino Sub-17 de Voleibol, programado para agosto de 2026 en nuestro pa\u00eds.<\/p>\n\n\n\n<p>La Alcaldesa de San Felipe, Carmen Castillo Taucher, agradeci\u00f3 la visita del presidente de la Federaci\u00f3n y sostuvo que la materializaci\u00f3n de este anhelo vendr\u00eda a confirmar el constante apoyo que se realiza a las y los deportistas sanfelipe\u00f1os y a las distintas disciplinas deportivas en el Valle de Aconcagua.<\/p>\n\n\n\n<p>\u201cPermite iniciar este sue\u00f1o en conjunto. Ser sede de un mundial significar\u00eda proyectar nuestras comunas al mundo. Esperamos ir cumpliendo todas las etapas necesarias para concretar esta postulaci\u00f3n\u201d, sostuvo la jefa comunal.<\/p>\n\n\n\n<p>Por su parte, el alcalde de Los Andes, Manuel Rivera, destac\u00f3 la relevancia que tiene este desaf\u00edo para el Valle de Aconcagua: \u201cEstamos dando los primeros pasos para que San Felipe y Los Andes sean sede del Mundial de Voleibol Sub 17 Femenino 2026. Nos llena de orgullo y agradecimiento el respaldo recibido, y confiamos que con el apoyo del Consejo Regional podremos concretar este sue\u00f1o hist\u00f3rico para todo el Valle de Aconcagua.\u201d<\/p>\n\n\n\n<p>Durante su visita, el presidente de la Federaci\u00f3n de&nbsp; Voleibol de Chile, Jorge Pino, se\u00f1al\u00f3 que este torneo reunir\u00e1 a 24 pa\u00edses de cinco continentes, en agosto de 2026, y que contar\u00e1 con cuatro sedes en Chile. \u201cEstamos evaluando la infraestructura, hoteler\u00eda, alimentaci\u00f3n y transporte en ambas comunas, y vemos con satisfacci\u00f3n que hay un 80% de avance en las condiciones necesarias. Esta primera visita t\u00e9cnica nos deja muy contentos y con evaluaci\u00f3n positiva\u201d.<\/p>\n\n\n\n<p>La postulaci\u00f3n de San Felipe y Los Andes como sede de este evento deportivo cuenta adem\u00e1s con el respaldo del Gobernador Regional de Valpara\u00edso Rodrigo Mundaca y del Consejo Regional, a quienes ya se les ha presentado la iniciativa para gestionar el apoyo necesario.<\/p>\n","protected":false},"excerpt":{"rendered":"<p>Los alcaldes de las comunas de San Felipe y Los Andes, Carmen Castillo Taucher y Manuel Rivera, junto al presidente de la Federaci\u00f3n de Voleibol de Chile, Jorge Pino, dieron a conocer la iniciativa que busca que ambas comunas aconcag\u00fcinas sean sede del pr\u00f3ximo Mundial Femenino Sub-17 de Voleibol, programado para agosto de 2026 en &hellip;<\/p>\n","protected":false},"author":2,"featured_media":4811,"comment_status":"open","ping_status":"open","sticky":false,"template":"","format":"standard","meta":{"spay_email":""},"categories":[7],"tags":[8],"jetpack_featured_media_url":"https:\/\/lavozdesanesteban.cl\/wp-content\/uploads\/2025\/09\/Reunion-voleibol.jpeg","_links":{"self":[{"href":"https:\/\/lavozdesanesteban.cl\/index.php\/wp-json\/wp\/v2\/posts\/4810"}],"collection":[{"href":"https:\/\/lavozdesanesteban.cl\/index.php\/wp-json\/wp\/v2\/posts"}],"about":[{"href":"https:\/\/lavozdesanesteban.cl\/index.php\/wp-json\/wp\/v2\/types\/post"}],"author":[{"embeddable":true,"href":"https:\/\/lavozdesanesteban.cl\/index.php\/wp-json\/wp\/v2\/users\/2"}],"replies":[{"embeddable":true,"href":"https:\/\/lavozdesanesteban.cl\/index.php\/wp-json\/wp\/v2\/comments?post=4810"}],"version-history":[{"count":1,"href":"https:\/\/lavozdesanesteban.cl\/index.php\/wp-json\/wp\/v2\/posts\/4810\/revisions"}],"predecessor-version":[{"id":4812,"href":"https:\/\/lavozdesanesteban.cl\/index.php\/wp-json\/wp\/v2\/posts\/4810\/revisions\/4812"}],"wp:featuredmedia":[{"embeddable":true,"href":"https:\/\/lavozdesanesteban.cl\/index.php\/wp-json\/wp\/v2\/media\/4811"}],"wp:attachment":[{"href":"https:\/\/lavozdesanesteban.cl\/index.php\/wp-json\/wp\/v2\/media?parent=4810"}],"wp:term":[{"taxonomy":"category","embeddable":true,"href":"https:\/\/lavozdesanesteban.cl\/index.php\/wp-json\/wp\/v2\/categories?post=4810"},{"taxonomy":"post_tag","embeddable":true,"href":"https:\/\/lavozdesanesteban.cl\/index.php\/wp-json\/wp\/v2\/tags?post=4810"}],"curies":[{"name":"wp","href":"https:\/\/api.w.org\/{rel}","templated":true}]}}