{"id":4813,"date":"2025-09-11T01:44:14","date_gmt":"2025-09-11T01:44:14","guid":{"rendered":"https:\/\/lavozdesanesteban.cl\/?p=4813"},"modified":"2025-09-11T01:44:15","modified_gmt":"2025-09-11T01:44:15","slug":"fiesta-de-la-cueca-la-chicha-y-el-charqui-se-desarrollara-el-13-y-14-de-septiembre-en-parque-palacio-hacienda-de-quilpue","status":"publish","type":"post","link":"https:\/\/lavozdesanesteban.cl\/index.php\/2025\/09\/11\/fiesta-de-la-cueca-la-chicha-y-el-charqui-se-desarrollara-el-13-y-14-de-septiembre-en-parque-palacio-hacienda-de-quilpue\/","title":{"rendered":"Fiesta de la Cueca, la Chicha y el Charqui se desarrollar\u00e1 el 13 y 14 de septiembre en Parque Palacio Hacienda de Quilpu\u00e9"},"content":{"rendered":"\n<p><\/p>\n\n\n\n<p><em>Municipalidad de San Felipe destac\u00f3 la celebraci\u00f3n como la \u00fanica gratuita y familiar de la comuna, con juegos criollos, m\u00fasica en vivo, patio de comidas y las ferias de artesanos y productores locales.<\/em><\/p>\n\n\n\n<p>Una celebraci\u00f3n familiar y gratuita, con juegos t\u00edpicos criollos, m\u00fasica en vivo, patio de comidas y con un horario restringido, es la que anunci\u00f3 la Municipalidad de San Felipe para festejar fiestas patrias. Se trata de la II edici\u00f3n de la Fiesta de la Cueca, la Chicha y el Charqui, que se desarrollar\u00e1 el fin de semana del 13 y 14 de septiembre en el Parque Palacio Hacienda de Quilpu\u00e9, evento que es organizado por los Departamentos municipales de Cultura y Turismo y que es financiado por el Gobierno Regional de Valpara\u00edso y aprobado por el Consejo Regional.<\/p>\n\n\n\n<p>La alcaldesa de San Felipe, Carmen Castillo Taucher, destac\u00f3 que este evento es el \u00fanico organizado por el municipio sanfelipe\u00f1o y tiene por objetivo abrir un espacio de celebraci\u00f3n familiar, con horarios prudentes y sin venta de alcohol a menores de edad.<\/p>\n\n\n\n<p>Junto con eso, la jefa comunal inform\u00f3 que la actividad contar\u00e1 con la presencia de una atractiva feria de productores artesanales de distintos mostos, adem\u00e1s de un patio de comidas y espacios para compartir al aire libre.<\/p>\n\n\n\n<p><strong>\u201cEstamos muy felices de dar a conocer nuestra fiesta de la Cueca, la Chicha y el Charqui que se va a llevar a cabo aqu\u00ed en la Hacienda de Quilpu\u00e9, donde estamos con algunos de los productores que van a estar presentes el pr\u00f3ximo 13 y 14 de septiembre, una actividad para toda la familia que va a comenzar a las 12 del d\u00eda y terminar\u00e1 a las cero horas ambas jornadas, con actividades de todo tipo enfocadas principalmente en destacar nuestras tradiciones\u201d,<\/strong> anticip\u00f3 la m\u00e1xima autoridad comunal.<\/p>\n\n\n\n<p>Vi\u00f1a Martel ser\u00e1 una de las chicher\u00edas y productores de licores artesanales que estar\u00e1n exponiendo sus productos durante el festejo patrio. Su representante, \u00cdtalo Martel,&nbsp; asegur\u00f3 que <strong>\u201cpara nosotros es important\u00edsima esta fiesta porque mantiene la cultura viva en el valle\u2026estamos felices de mantener esta celebraci\u00f3n que es tan t\u00edpica y tradicional en nuestro pa\u00eds\u201d.<\/strong><\/p>\n\n\n\n<p><a><\/a>El evento ser\u00e1 inaugurado el s\u00e1bado 13, a las 18 horas y desde ese horario \u2013en ambas jornadas-tendr\u00e1 presentaciones art\u00edsticas, cuya parrilla ser\u00e1 confirmada dentro de los pr\u00f3ximos d\u00edas y dada a conocer a trav\u00e9s de las redes institucionales del municipio sanfelipe\u00f1o<\/p>\n","protected":false},"excerpt":{"rendered":"<p>Municipalidad de San Felipe destac\u00f3 la celebraci\u00f3n como la \u00fanica gratuita y familiar de la comuna, con juegos criollos, m\u00fasica en vivo, patio de comidas y las ferias de artesanos y productores locales. Una celebraci\u00f3n familiar y gratuita, con juegos t\u00edpicos criollos, m\u00fasica en vivo, patio de comidas y con un horario restringido, es la &hellip;<\/p>\n","protected":false},"author":2,"featured_media":4814,"comment_status":"open","ping_status":"open","sticky":false,"template":"","format":"standard","meta":{"spay_email":""},"categories":[7],"tags":[8],"jetpack_featured_media_url":"https:\/\/lavozdesanesteban.cl\/wp-content\/uploads\/2025\/09\/CHICHA-scaled.jpeg","_links":{"self":[{"href":"https:\/\/lavozdesanesteban.cl\/index.php\/wp-json\/wp\/v2\/posts\/4813"}],"collection":[{"href":"https:\/\/lavozdesanesteban.cl\/index.php\/wp-json\/wp\/v2\/posts"}],"about":[{"href":"https:\/\/lavozdesanesteban.cl\/index.php\/wp-json\/wp\/v2\/types\/post"}],"author":[{"embeddable":true,"href":"https:\/\/lavozdesanesteban.cl\/index.php\/wp-json\/wp\/v2\/users\/2"}],"replies":[{"embeddable":true,"href":"https:\/\/lavozdesanesteban.cl\/index.php\/wp-json\/wp\/v2\/comments?post=4813"}],"version-history":[{"count":1,"href":"https:\/\/lavozdesanesteban.cl\/index.php\/wp-json\/wp\/v2\/posts\/4813\/revisions"}],"predecessor-version":[{"id":4815,"href":"https:\/\/lavozdesanesteban.cl\/index.php\/wp-json\/wp\/v2\/posts\/4813\/revisions\/4815"}],"wp:featuredmedia":[{"embeddable":true,"href":"https:\/\/lavozdesanesteban.cl\/index.php\/wp-json\/wp\/v2\/media\/4814"}],"wp:attachment":[{"href":"https:\/\/lavozdesanesteban.cl\/index.php\/wp-json\/wp\/v2\/media?parent=4813"}],"wp:term":[{"taxonomy":"category","embeddable":true,"href":"https:\/\/lavozdesanesteban.cl\/index.php\/wp-json\/wp\/v2\/categories?post=4813"},{"taxonomy":"post_tag","embeddable":true,"href":"https:\/\/lavozdesanesteban.cl\/index.php\/wp-json\/wp\/v2\/tags?post=4813"}],"curies":[{"name":"wp","href":"https:\/\/api.w.org\/{rel}","templated":true}]}}