{"id":482,"date":"2022-03-09T01:51:51","date_gmt":"2022-03-09T01:51:51","guid":{"rendered":"https:\/\/lavozdesanesteban.cl\/?p=482"},"modified":"2022-03-09T01:51:54","modified_gmt":"2022-03-09T01:51:54","slug":"en-los-andes-ya-esta-disponible-retiro-de-bases-para-postular-a-la-beca-municipal-de-educacion-superior","status":"publish","type":"post","link":"https:\/\/lavozdesanesteban.cl\/index.php\/2022\/03\/09\/en-los-andes-ya-esta-disponible-retiro-de-bases-para-postular-a-la-beca-municipal-de-educacion-superior\/","title":{"rendered":"En Los Andes ya est\u00e1 disponible retiro de bases para postular a la Beca Municipal de Educaci\u00f3n Superior"},"content":{"rendered":"\n<p><\/p>\n\n\n\n<p><em>Desde el 07 de marzo ya se encuentran las bases y\/o antecedentes requeridos para la postulaci\u00f3n al beneficio municipal. El plazo del proceso se extender\u00e1 desde el 14 al 31 de marzo.<\/em><\/p>\n\n\n\n<p>Nuevamente, la Municipalidad de Los Andes, pone a disposici\u00f3n de la comunidad el beneficio de la <strong>Beca Municipal de Educaci\u00f3n Superior, <\/strong>para brindar apoyo a las familias vulnerables de la comuna, que consiste enun aporte en dinero para carreras profesiones de $ 220.000 y $140.000 en caso de las carreras t\u00e9cnicas, que ser\u00e1 pagado en dos cuotas, previa presentaci\u00f3n para el segundo semestre del certificado de alumno regular.<\/p>\n\n\n\n<p>La direcci\u00f3n de Desarrollo Comunitario ya abri\u00f3 el proceso que tiene dos etapas, del 07 al 13 de marzo el retiro de bases desde las oficinas municipales de las Heras 196, o la descarga de los antecedentes en <a href=\"http:\/\/www.losandes.cl\">www.losandes.cl<\/a>. Luego el 14 al 31 de marzo se har\u00e1n las postulaciones.<\/p>\n\n\n\n<p>El alcalde de Los Andes Manuel Rivera, enfatiz\u00f3 sobre la antig\u00fcedad del proceso \u201cque se inici\u00f3 en 2003 muy humildemente, ahora estamos haciendo esfuerzos para destinar 120 becas para la educaci\u00f3n superior y 100 para el \u00e1mbito t\u00e9cnico profesional, en el entendido de la tremenda carga que significa la educaci\u00f3n superior\u201d.<\/p>\n\n\n\n<p>Podr\u00e1n postular al beneficio todos los estudiantes de la comuna de Los Andes, que se encuentren matriculados en instituciones de educaci\u00f3n superior, reconocidas por el Ministerio de Educaci\u00f3n. Para comprobar residencia en la comuna deber\u00e1 contar en el Registro social de Hogares.<\/p>\n\n\n\n<p>Nilsa Cossio, subdirectora del \u00e1rea social de Dideco agreg\u00f3 que \u201ca partir del 14 de marzo las asistentes sociales comenzar\u00e1n a recibir las postulaciones para quienes lleven los antecedentes de manera presencial con atenci\u00f3n de 08:30 a 13:30 hrs. y por la tarde se har\u00e1n las visitas domiciliarias\u201d.<\/p>\n\n\n\n<p>No podr\u00e1n postular, los alumnos que tengan el beneficio de la gratuidad, beca vocaci\u00f3n de profesor o beca de reparaci\u00f3n- Informe Valech<\/p>\n\n\n\n<p>Gabriela Soto, beneficiada de a\u00f1os anteriores de la Beca Municipal de Educaci\u00f3n Superior dijo \u201cque con esta ayuda se alivian\u00f3 mucho la carga: \u201ceste beneficio se sum\u00f3 a otras becas con las que contaba y fue un gran alivio\u201d.<\/p>\n","protected":false},"excerpt":{"rendered":"<p>Desde el 07 de marzo ya se encuentran las bases y\/o antecedentes requeridos para la postulaci\u00f3n al beneficio municipal. El plazo del proceso se extender\u00e1 desde el 14 al 31 de marzo. Nuevamente, la Municipalidad de Los Andes, pone a disposici\u00f3n de la comunidad el beneficio de la Beca Municipal de Educaci\u00f3n Superior, para brindar &hellip;<\/p>\n","protected":false},"author":2,"featured_media":483,"comment_status":"open","ping_status":"open","sticky":false,"template":"","format":"standard","meta":{"spay_email":""},"categories":[7],"tags":[8],"jetpack_featured_media_url":"https:\/\/lavozdesanesteban.cl\/wp-content\/uploads\/2022\/03\/BECAS.jpg","_links":{"self":[{"href":"https:\/\/lavozdesanesteban.cl\/index.php\/wp-json\/wp\/v2\/posts\/482"}],"collection":[{"href":"https:\/\/lavozdesanesteban.cl\/index.php\/wp-json\/wp\/v2\/posts"}],"about":[{"href":"https:\/\/lavozdesanesteban.cl\/index.php\/wp-json\/wp\/v2\/types\/post"}],"author":[{"embeddable":true,"href":"https:\/\/lavozdesanesteban.cl\/index.php\/wp-json\/wp\/v2\/users\/2"}],"replies":[{"embeddable":true,"href":"https:\/\/lavozdesanesteban.cl\/index.php\/wp-json\/wp\/v2\/comments?post=482"}],"version-history":[{"count":1,"href":"https:\/\/lavozdesanesteban.cl\/index.php\/wp-json\/wp\/v2\/posts\/482\/revisions"}],"predecessor-version":[{"id":484,"href":"https:\/\/lavozdesanesteban.cl\/index.php\/wp-json\/wp\/v2\/posts\/482\/revisions\/484"}],"wp:featuredmedia":[{"embeddable":true,"href":"https:\/\/lavozdesanesteban.cl\/index.php\/wp-json\/wp\/v2\/media\/483"}],"wp:attachment":[{"href":"https:\/\/lavozdesanesteban.cl\/index.php\/wp-json\/wp\/v2\/media?parent=482"}],"wp:term":[{"taxonomy":"category","embeddable":true,"href":"https:\/\/lavozdesanesteban.cl\/index.php\/wp-json\/wp\/v2\/categories?post=482"},{"taxonomy":"post_tag","embeddable":true,"href":"https:\/\/lavozdesanesteban.cl\/index.php\/wp-json\/wp\/v2\/tags?post=482"}],"curies":[{"name":"wp","href":"https:\/\/api.w.org\/{rel}","templated":true}]}}