{"id":485,"date":"2022-03-09T01:55:40","date_gmt":"2022-03-09T01:55:40","guid":{"rendered":"https:\/\/lavozdesanesteban.cl\/?p=485"},"modified":"2022-03-09T01:55:44","modified_gmt":"2022-03-09T01:55:44","slug":"municipio-andino-destaca-a-29-mujeres-en-este-dia-internacional-de-la-mujer","status":"publish","type":"post","link":"https:\/\/lavozdesanesteban.cl\/index.php\/2022\/03\/09\/municipio-andino-destaca-a-29-mujeres-en-este-dia-internacional-de-la-mujer\/","title":{"rendered":"Municipio andino destaca a 29 mujeres en este D\u00eda Internacional de la Mujer"},"content":{"rendered":"\n<p><\/p>\n\n\n\n<p><em>A trav\u00e9s de la direcci\u00f3n de Desarrollo Comunitario y su recientemente creada Oficina municipal de la Mujer se reconoci\u00f3 a este grupo de mujeres representativo de la comunidad, destacando su rol en la lucha por m\u00e1s igualdad y equidad.<\/em><\/p>\n\n\n\n<p>En representaci\u00f3n de las mujeres de toda la comuna de Los Andes, y debido a los aforos por pandemia, se hizo una ceremonia acotada con la idea de destacar a las l\u00edderes comunales que han tenido una participaci\u00f3n y rol activo en la sociedad y en la lucha por los derechos.<\/p>\n\n\n\n<p>Manuel Rivera, alcalde de Los Andes, enfatiz\u00f3 sobre este reconocimiento: \u201cuna se trata de una ceremonia tremendamente sencilla pero significativa, mediante la cual, quisimos visibilizar, sobre todo, a aquellas mujeres que han trabajado por la igualdad de derechos. La comuna de Los Andes est\u00e1 conformada por grandes mujeres que en sus quehaceres ha impulsado el desarrollo de la ciudad\u201d.<\/p>\n\n\n\n<p>La ceremonia de reconocimiento a Mujeres Destacadas 2022 se enmarca en un calendario de actividades que se ha generado por parte del municipio para relevar el proceso de transformaci\u00f3n y gesti\u00f3n hacia las tem\u00e1ticas de g\u00e9nero.<\/p>\n\n\n\n<p>Isidora Smith, presidenta del Centro de estudiantes del Liceo Maximiliano Salas March\u00e1n, sostuvo que, para las mujeres j\u00f3venes, este es un d\u00eda de respeto, es un recordatorio de nuestra lucha diaria, oportunidad para estar juntas y abrazarnos cada a\u00f1o\u201d.<\/p>\n\n\n\n<p>Otra de las reconocidas fue la dirigente vecinal, Mar\u00eda Isabel Carrasco, quien dijo que el D\u00eda Internacional de la Mujer \u201cpara m\u00ed es una lucha permanente en favor de su dignidad, porque siempre hemos sido postergadas\u201d.<\/p>\n\n\n\n<p>Nayadeth Urtubia, reconocida en el \u00e1mbito cultural encontr\u00f3 relevante este homenaje que hizo la Municipalidad de Los Andes: \u201cpara m\u00ed es s\u00faper importante, sobre todo ahora que estoy viviendo una etapa nueva como mujer, soy madre hace poquito, as\u00ed que, desde mi vereda, la art\u00edstico cultural seguimos caminando por la lucha de los derechos de las mujeres\u201d.<\/p>\n","protected":false},"excerpt":{"rendered":"<p>A trav\u00e9s de la direcci\u00f3n de Desarrollo Comunitario y su recientemente creada Oficina municipal de la Mujer se reconoci\u00f3 a este grupo de mujeres representativo de la comunidad, destacando su rol en la lucha por m\u00e1s igualdad y equidad. En representaci\u00f3n de las mujeres de toda la comuna de Los Andes, y debido a los &hellip;<\/p>\n","protected":false},"author":2,"featured_media":486,"comment_status":"open","ping_status":"open","sticky":false,"template":"","format":"standard","meta":{"spay_email":""},"categories":[7],"tags":[8],"jetpack_featured_media_url":"https:\/\/lavozdesanesteban.cl\/wp-content\/uploads\/2022\/03\/DESTACADAS.jpeg","_links":{"self":[{"href":"https:\/\/lavozdesanesteban.cl\/index.php\/wp-json\/wp\/v2\/posts\/485"}],"collection":[{"href":"https:\/\/lavozdesanesteban.cl\/index.php\/wp-json\/wp\/v2\/posts"}],"about":[{"href":"https:\/\/lavozdesanesteban.cl\/index.php\/wp-json\/wp\/v2\/types\/post"}],"author":[{"embeddable":true,"href":"https:\/\/lavozdesanesteban.cl\/index.php\/wp-json\/wp\/v2\/users\/2"}],"replies":[{"embeddable":true,"href":"https:\/\/lavozdesanesteban.cl\/index.php\/wp-json\/wp\/v2\/comments?post=485"}],"version-history":[{"count":1,"href":"https:\/\/lavozdesanesteban.cl\/index.php\/wp-json\/wp\/v2\/posts\/485\/revisions"}],"predecessor-version":[{"id":487,"href":"https:\/\/lavozdesanesteban.cl\/index.php\/wp-json\/wp\/v2\/posts\/485\/revisions\/487"}],"wp:featuredmedia":[{"embeddable":true,"href":"https:\/\/lavozdesanesteban.cl\/index.php\/wp-json\/wp\/v2\/media\/486"}],"wp:attachment":[{"href":"https:\/\/lavozdesanesteban.cl\/index.php\/wp-json\/wp\/v2\/media?parent=485"}],"wp:term":[{"taxonomy":"category","embeddable":true,"href":"https:\/\/lavozdesanesteban.cl\/index.php\/wp-json\/wp\/v2\/categories?post=485"},{"taxonomy":"post_tag","embeddable":true,"href":"https:\/\/lavozdesanesteban.cl\/index.php\/wp-json\/wp\/v2\/tags?post=485"}],"curies":[{"name":"wp","href":"https:\/\/api.w.org\/{rel}","templated":true}]}}