{"id":524,"date":"2022-03-10T02:27:35","date_gmt":"2022-03-10T02:27:35","guid":{"rendered":"https:\/\/lavozdesanesteban.cl\/?p=524"},"modified":"2022-03-10T02:27:38","modified_gmt":"2022-03-10T02:27:38","slug":"calle-larga-conmemoro-el-dia-internacional-de-la-mujer-entregando-copitas-menstruales-a-adolescentes-de-la-comuna","status":"publish","type":"post","link":"https:\/\/lavozdesanesteban.cl\/index.php\/2022\/03\/10\/calle-larga-conmemoro-el-dia-internacional-de-la-mujer-entregando-copitas-menstruales-a-adolescentes-de-la-comuna\/","title":{"rendered":"Calle Larga conmemor\u00f3 el D\u00eda Internacional de la Mujer entregando copitas menstruales a adolescentes de la comuna."},"content":{"rendered":"\n<p><\/p>\n\n\n\n<p><em>Adem\u00e1s, se reconoci\u00f3 a un grupo de mujeres destacadas y el Municipio se ti\u00f1\u00f3 de morado.<\/em><\/p>\n\n\n\n<p>Con una revolucionaria acci\u00f3n, la Municipalidad de Calle Larga conmemor\u00f3 este martes 08 el D\u00eda Internacional de la Mujer. Se trata de la entrega de copitas menstruales, un novedoso reemplazo de las tradicionales toallas higi\u00e9nicas y tampones.<\/p>\n\n\n\n<p>&nbsp;Elaboradas con un material flexible y duradero, son actualmente el mecanismo para la menstruaci\u00f3n m\u00e1s amigable con el medioambiente.<\/p>\n\n\n\n<p>Al respecto la alcaldesa Dina Gonz\u00e1lez Alfaro, se\u00f1al\u00f3 que \u201ccreemos que es super importante que las mujeres tomen conciencia de las consecuencias que tiene en el medioambiente nuestro periodo menstrual. Y con estas copas queremos fomentar en las adolescentes el uso de estas. Nos hemos enterado que una toalla higi\u00e9nica demora cerca de 800 a\u00f1os en degradarse\u201d.<\/p>\n\n\n\n<p>Por su parte, la encargada de la Oficina de Medioambiente, Ornella Cicarelli \u201cUna mujer puede producir cerca de 65 kilos de residuos a lo largo de su vida con el uso de toallitas higi\u00e9nicas o tampones\u2026 A lo largo de la vida una mujer puede usar entre 10 a 13 mil toallas.\u201d<\/p>\n\n\n\n<p>Estas fueron entregadas a las alumnas del Liceo Pedro Aguirre Cerda y al Cesfam Jos\u00e9 Joaqu\u00edn Aguirre, en donde se distribuir\u00e1n a las usuarias.<\/p>\n\n\n\n<p>En tanto, el municipio llev\u00f3 a cabo otras actividades enmarcadas en la conmemoraci\u00f3n del Dia de la Mujer. Se realiz\u00f3 la entrega de reconocimientos a mujeres destacadas de la comuna, junto con la realizaci\u00f3n de videos en donde se narr\u00f3 la historia de cada una.<\/p>\n\n\n\n<p>Por otra parte, la casa consistorial se ti\u00f1\u00f3 de morado, tras la instalaci\u00f3n de iluminaci\u00f3n en el frontis del edificio. Adem\u00e1s, las funcionarias municipales, lideradas por la alcaldesa Dina Gonz\u00e1lez Alfaro, participaron de la marcha convocada en Los Andes. &nbsp;<\/p>\n","protected":false},"excerpt":{"rendered":"<p>Adem\u00e1s, se reconoci\u00f3 a un grupo de mujeres destacadas y el Municipio se ti\u00f1\u00f3 de morado. Con una revolucionaria acci\u00f3n, la Municipalidad de Calle Larga conmemor\u00f3 este martes 08 el D\u00eda Internacional de la Mujer. Se trata de la entrega de copitas menstruales, un novedoso reemplazo de las tradicionales toallas higi\u00e9nicas y tampones. &nbsp;Elaboradas con &hellip;<\/p>\n","protected":false},"author":2,"featured_media":525,"comment_status":"open","ping_status":"open","sticky":false,"template":"","format":"standard","meta":{"spay_email":""},"categories":[7],"tags":[8],"jetpack_featured_media_url":"https:\/\/lavozdesanesteban.cl\/wp-content\/uploads\/2022\/03\/DIA-DE-LA-MUJER-scaled.jpg","_links":{"self":[{"href":"https:\/\/lavozdesanesteban.cl\/index.php\/wp-json\/wp\/v2\/posts\/524"}],"collection":[{"href":"https:\/\/lavozdesanesteban.cl\/index.php\/wp-json\/wp\/v2\/posts"}],"about":[{"href":"https:\/\/lavozdesanesteban.cl\/index.php\/wp-json\/wp\/v2\/types\/post"}],"author":[{"embeddable":true,"href":"https:\/\/lavozdesanesteban.cl\/index.php\/wp-json\/wp\/v2\/users\/2"}],"replies":[{"embeddable":true,"href":"https:\/\/lavozdesanesteban.cl\/index.php\/wp-json\/wp\/v2\/comments?post=524"}],"version-history":[{"count":1,"href":"https:\/\/lavozdesanesteban.cl\/index.php\/wp-json\/wp\/v2\/posts\/524\/revisions"}],"predecessor-version":[{"id":526,"href":"https:\/\/lavozdesanesteban.cl\/index.php\/wp-json\/wp\/v2\/posts\/524\/revisions\/526"}],"wp:featuredmedia":[{"embeddable":true,"href":"https:\/\/lavozdesanesteban.cl\/index.php\/wp-json\/wp\/v2\/media\/525"}],"wp:attachment":[{"href":"https:\/\/lavozdesanesteban.cl\/index.php\/wp-json\/wp\/v2\/media?parent=524"}],"wp:term":[{"taxonomy":"category","embeddable":true,"href":"https:\/\/lavozdesanesteban.cl\/index.php\/wp-json\/wp\/v2\/categories?post=524"},{"taxonomy":"post_tag","embeddable":true,"href":"https:\/\/lavozdesanesteban.cl\/index.php\/wp-json\/wp\/v2\/tags?post=524"}],"curies":[{"name":"wp","href":"https:\/\/api.w.org\/{rel}","templated":true}]}}