{"id":699,"date":"2022-03-31T20:37:12","date_gmt":"2022-03-31T20:37:12","guid":{"rendered":"https:\/\/lavozdesanesteban.cl\/?p=699"},"modified":"2022-03-31T20:37:15","modified_gmt":"2022-03-31T20:37:15","slug":"pdi-valparaiso-detiene-a-sujeto-de-66-anos-por-abuso-sexual-de-nina","status":"publish","type":"post","link":"https:\/\/lavozdesanesteban.cl\/index.php\/2022\/03\/31\/pdi-valparaiso-detiene-a-sujeto-de-66-anos-por-abuso-sexual-de-nina\/","title":{"rendered":"PDI VALPARA\u00cdSO DETIENE A SUJETO DE 66 A\u00d1OS POR ABUSO SEXUAL DE NI\u00d1A"},"content":{"rendered":"\n<p><\/p>\n\n\n\n<p>Detectives de la Brigada Investigadora de Delitos Sexuales Valpara\u00edso de la Polic\u00eda de Investigaciones de Chile, detuvieron a un sujeto de 66 a\u00f1os por su responsabilidad en el Delito Flagrante de Abuso Sexual de menor de 14 a\u00f1os, il\u00edcito perpetrado en contra de una ni\u00f1a de 12 a\u00f1os en la comuna de Vi\u00f1a del Mar.<\/p>\n\n\n\n<p>De acuerdo a los antecedentes de la investigaci\u00f3n, la v\u00edctima se encontraba paseando a su mascota en los jardines del edificio donde reside, cuando fue abordada por el imputado, quien realiza labores remuneradas en el recinto, quien aprovech\u00e1ndose de la confianza que manten\u00eda con la ni\u00f1a, la aborda de manera inesperada e intenta besarla sin su consentimiento, ante esto, ella logra escapar y pide auxilio a sus padres, quienes efectuaron la denuncia correspondiente. &nbsp;<\/p>\n\n\n\n<p>En este contexto y a solicitud del Ministerio P\u00fablico, oficiales de esta unidad especializada efectuaron las primeras diligencias y la detenci\u00f3n del imputado, quien fue puesto a disposici\u00f3n del Juzgado de Garant\u00eda de Vi\u00f1a del Mar, estableciendo como medida cautelar 120 d\u00edas de investigaci\u00f3n con prohibici\u00f3n de acercarse a la v\u00edctima.<\/p>\n","protected":false},"excerpt":{"rendered":"<p>Detectives de la Brigada Investigadora de Delitos Sexuales Valpara\u00edso de la Polic\u00eda de Investigaciones de Chile, detuvieron a un sujeto de 66 a\u00f1os por su responsabilidad en el Delito Flagrante de Abuso Sexual de menor de 14 a\u00f1os, il\u00edcito perpetrado en contra de una ni\u00f1a de 12 a\u00f1os en la comuna de Vi\u00f1a del Mar. &hellip;<\/p>\n","protected":false},"author":2,"featured_media":700,"comment_status":"open","ping_status":"open","sticky":false,"template":"","format":"standard","meta":{"spay_email":""},"categories":[3],"tags":[8],"jetpack_featured_media_url":"https:\/\/lavozdesanesteban.cl\/wp-content\/uploads\/2022\/03\/detenido.jpeg","_links":{"self":[{"href":"https:\/\/lavozdesanesteban.cl\/index.php\/wp-json\/wp\/v2\/posts\/699"}],"collection":[{"href":"https:\/\/lavozdesanesteban.cl\/index.php\/wp-json\/wp\/v2\/posts"}],"about":[{"href":"https:\/\/lavozdesanesteban.cl\/index.php\/wp-json\/wp\/v2\/types\/post"}],"author":[{"embeddable":true,"href":"https:\/\/lavozdesanesteban.cl\/index.php\/wp-json\/wp\/v2\/users\/2"}],"replies":[{"embeddable":true,"href":"https:\/\/lavozdesanesteban.cl\/index.php\/wp-json\/wp\/v2\/comments?post=699"}],"version-history":[{"count":1,"href":"https:\/\/lavozdesanesteban.cl\/index.php\/wp-json\/wp\/v2\/posts\/699\/revisions"}],"predecessor-version":[{"id":701,"href":"https:\/\/lavozdesanesteban.cl\/index.php\/wp-json\/wp\/v2\/posts\/699\/revisions\/701"}],"wp:featuredmedia":[{"embeddable":true,"href":"https:\/\/lavozdesanesteban.cl\/index.php\/wp-json\/wp\/v2\/media\/700"}],"wp:attachment":[{"href":"https:\/\/lavozdesanesteban.cl\/index.php\/wp-json\/wp\/v2\/media?parent=699"}],"wp:term":[{"taxonomy":"category","embeddable":true,"href":"https:\/\/lavozdesanesteban.cl\/index.php\/wp-json\/wp\/v2\/categories?post=699"},{"taxonomy":"post_tag","embeddable":true,"href":"https:\/\/lavozdesanesteban.cl\/index.php\/wp-json\/wp\/v2\/tags?post=699"}],"curies":[{"name":"wp","href":"https:\/\/api.w.org\/{rel}","templated":true}]}}