{"id":702,"date":"2022-03-31T20:41:42","date_gmt":"2022-03-31T20:41:42","guid":{"rendered":"https:\/\/lavozdesanesteban.cl\/?p=702"},"modified":"2022-03-31T20:41:43","modified_gmt":"2022-03-31T20:41:43","slug":"estudiantes-del-liceo-roberto-humeres-esperan-asesorar-a-cerca-de-mil-contribuyentes-en-operacion-renta-2022","status":"publish","type":"post","link":"https:\/\/lavozdesanesteban.cl\/index.php\/2022\/03\/31\/estudiantes-del-liceo-roberto-humeres-esperan-asesorar-a-cerca-de-mil-contribuyentes-en-operacion-renta-2022\/","title":{"rendered":"Estudiantes del Liceo Roberto Humeres esperan asesorar a cerca de mil contribuyentes en Operaci\u00f3n Renta  2022"},"content":{"rendered":"\n<p><\/p>\n\n\n\n<p>Estar\u00e1n atendiendo durante todo el mes de<\/p>\n\n\n\n<p>abril en la biblioteca del establecimiento desde las 9 a las 13 horas<\/p>\n\n\n\n<p>25 estudiantes de tercero y cuarto medio, de las especialidades de Contabilidad y Administraci\u00f3n del Liceo Polit\u00e9cnico Roberto Humeres de San Felipe, comenzar\u00e1n desde este 1 de abril a prestar asesor\u00eda a los contribuyentes, que necesiten ser guiados enel proceso tributario de declaraci\u00f3n de renta 2022.<\/p>\n\n\n\n<p>Los alumnos recibir\u00e1n p\u00fablico desde las 09.00 hasta las 13.00 horas durante todos los d\u00edas h\u00e1biles del mes de abril, en las dependencias de la Biblioteca del establecimiento, ubicadas en calle Salinas esquina de Santo Domingo, donde se dispondr\u00e1 de seis m\u00f3dulos de atenci\u00f3n, los cuales contar\u00e1n a la vez con apoyo profesional del Servicio de Impuestos Internos.<\/p>\n\n\n\n<p>El profesor Marco Aliaga, jefe de Formaci\u00f3n Profesional, explic\u00f3 que <strong>\u201cesta actividad la hacemos en alianza con el Servicio de Impuestos Internos, al igual que todos los a\u00f1os y el objetivo es que los alumnos fortalezcan y validen lo aprendido tanto en la sala de clases como en nuestros laboratorios\u201d.<\/strong><\/p>\n\n\n\n<p>A\u00f1adi\u00f3 que <strong>\u201cse trata de una actividad de aprendizaje y servicio y en ello la alianza con Impuestos Internos ha sido clave en una retroalimentaci\u00f3n entre las dos instituciones y se ha enriquecido cada a\u00f1o con los alumnos de tercero a cuarto medio\u201d.<\/strong><\/p>\n\n\n\n<p>El docente aclar\u00f3 adem\u00e1s que el servicio va m\u00e1s all\u00e1 de una simple asesor\u00eda, puesto que, se trata de la confecci\u00f3n misma de la declaraci\u00f3n de renta, tr\u00e1mite obligatorio para los contribuyentes de segunda categor\u00eda, proceso para el cual, <strong>\u201cnuestros alumnos estuvieron prepar\u00e1ndose durante todo el mes de marzo\u201d<\/strong>, afirm\u00f3.<\/p>\n\n\n\n<p>La directora del liceo, Patricia Pimentel, puntualiz\u00f3 que esta actividad se viene realizando desde hace m\u00e1s de cinco a\u00f1os, principalmente como un servicio del establecimiento hacia la comunidad.<\/p>\n\n\n\n<p><strong>\u201cTenemos altas expectativas porque la gente nos ha tomado como un centro especial de ayuda para poder hacer este tr\u00e1mite ante Impuestos Internos. Esto nos acerca a la comunidad y el trabajo que realizan los estudiantes en coordinaci\u00f3n con Impuestos Internos responde a las ense\u00f1anzas que reciben de sus profesores\u201d,<\/strong> puntualiz\u00f3 la directora.<\/p>\n\n\n\n<p>En tanto, la directora de Educaci\u00f3n Municipal Natalia Leiva, se\u00f1al\u00f3 que esta actividad est\u00e1 inserta en el desarrollo de la educaci\u00f3n t\u00e9cnico profesional de la comuna.<\/p>\n\n\n\n<p><strong>\u201cLos lazos y el trabajo con las comunidades son muy relevantes para nosotros como Daem y adem\u00e1s entregar este servicio a la comunidad, para poder tener la declaraci\u00f3n al d\u00eda en un proceso amigable con nuestros estudiantes.&nbsp; Felicito al establecimiento porque esta es una muy buena pr\u00e1ctica en la que nuestros alumnos aprenden mucho\u201d<\/strong>, puntualiz\u00f3 la directora Daem.<\/p>\n\n\n\n<p>Se estima que cerca de mil personas ser\u00e1n atendidas en este proceso y quienes requieran de esta ayuda deben acercarse al establecimiento con su c\u00e9dula de identi<a><\/a>dad.<\/p>\n","protected":false},"excerpt":{"rendered":"<p>Estar\u00e1n atendiendo durante todo el mes de abril en la biblioteca del establecimiento desde las 9 a las 13 horas 25 estudiantes de tercero y cuarto medio, de las especialidades de Contabilidad y Administraci\u00f3n del Liceo Polit\u00e9cnico Roberto Humeres de San Felipe, comenzar\u00e1n desde este 1 de abril a prestar asesor\u00eda a los contribuyentes, que &hellip;<\/p>\n","protected":false},"author":2,"featured_media":703,"comment_status":"open","ping_status":"open","sticky":false,"template":"","format":"standard","meta":{"spay_email":""},"categories":[7],"tags":[8],"jetpack_featured_media_url":"https:\/\/lavozdesanesteban.cl\/wp-content\/uploads\/2022\/03\/RENTA.jpg","_links":{"self":[{"href":"https:\/\/lavozdesanesteban.cl\/index.php\/wp-json\/wp\/v2\/posts\/702"}],"collection":[{"href":"https:\/\/lavozdesanesteban.cl\/index.php\/wp-json\/wp\/v2\/posts"}],"about":[{"href":"https:\/\/lavozdesanesteban.cl\/index.php\/wp-json\/wp\/v2\/types\/post"}],"author":[{"embeddable":true,"href":"https:\/\/lavozdesanesteban.cl\/index.php\/wp-json\/wp\/v2\/users\/2"}],"replies":[{"embeddable":true,"href":"https:\/\/lavozdesanesteban.cl\/index.php\/wp-json\/wp\/v2\/comments?post=702"}],"version-history":[{"count":1,"href":"https:\/\/lavozdesanesteban.cl\/index.php\/wp-json\/wp\/v2\/posts\/702\/revisions"}],"predecessor-version":[{"id":704,"href":"https:\/\/lavozdesanesteban.cl\/index.php\/wp-json\/wp\/v2\/posts\/702\/revisions\/704"}],"wp:featuredmedia":[{"embeddable":true,"href":"https:\/\/lavozdesanesteban.cl\/index.php\/wp-json\/wp\/v2\/media\/703"}],"wp:attachment":[{"href":"https:\/\/lavozdesanesteban.cl\/index.php\/wp-json\/wp\/v2\/media?parent=702"}],"wp:term":[{"taxonomy":"category","embeddable":true,"href":"https:\/\/lavozdesanesteban.cl\/index.php\/wp-json\/wp\/v2\/categories?post=702"},{"taxonomy":"post_tag","embeddable":true,"href":"https:\/\/lavozdesanesteban.cl\/index.php\/wp-json\/wp\/v2\/tags?post=702"}],"curies":[{"name":"wp","href":"https:\/\/api.w.org\/{rel}","templated":true}]}}