{"id":705,"date":"2022-03-31T20:45:32","date_gmt":"2022-03-31T20:45:32","guid":{"rendered":"https:\/\/lavozdesanesteban.cl\/?p=705"},"modified":"2022-03-31T20:45:35","modified_gmt":"2022-03-31T20:45:35","slug":"por-primera-vez-san-esteban-contara-con-el-programa-jefas-de-hogar-para-apoyar-y-capacitar-a-las-mujeres-de-la-comuna","status":"publish","type":"post","link":"https:\/\/lavozdesanesteban.cl\/index.php\/2022\/03\/31\/por-primera-vez-san-esteban-contara-con-el-programa-jefas-de-hogar-para-apoyar-y-capacitar-a-las-mujeres-de-la-comuna\/","title":{"rendered":"Por primera vez, San Esteban contar\u00e1 con el Programa Jefas de Hogar para apoyar y capacitar a las mujeres de la comuna"},"content":{"rendered":"\n<p><\/p>\n\n\n\n<ul><li>La iniciativa, del SernamEG, permitir\u00e1 promover y fortalecer la inserci\u00f3n, permanencia y desarrollo laboral de mujeres trabajadoras con responsabilidades familiares, y que tienen un rol protag\u00f3nico en el sustento econ\u00f3mico de su hogar. Con ello, se fomentar\u00e1 su autonom\u00eda econ\u00f3mica.<\/li><\/ul>\n\n\n\n<p>Una hist\u00f3rica noticia anunci\u00f3 el Alcalde Christian Ortega durante la jornada de este jueves. La comuna contar\u00e1, por primera vez, con la ejecuci\u00f3n del Programa Jefas de Hogar, del Servicio Nacional de la Mujer y Equidad de G\u00e9nero, el que permitir\u00e1 promover y fortalecer la inserci\u00f3n, permanencia y desarrollo laboral de mujeres trabajadoras con responsabilidades familiares, y que tienen un rol protag\u00f3nico en el sustento econ\u00f3mico de su hogar. Con ello, se fomentar\u00e1 su autonom\u00eda econ\u00f3mica.<\/p>\n\n\n\n<p>Precisamente, esta novedad viene a cerrar con broche de oro lo que fue la conmemoraci\u00f3n del mes de la mujer en San Esteban.<\/p>\n\n\n\n<p>\u201cEstamos terminando el mes de marzo, un mes muy importante para nuestra administraci\u00f3n porque pudimos conmemorar el d\u00eda de la mujer, resaltando la importancia de la mujer en San Esteban y en la historia de la comuna. Durante todos estos d\u00edas, logramos levantar tem\u00e1ticas y deudas hist\u00f3ricas para nuestras vecinas. Por eso, estamos muy contentos de informar que contaremos con el programa Jefas de Hogar, gestionado por el Ministerio de la Mujer y Equidad de G\u00e9nero y por el Sernameg, a quienes les agradezco por contar con este importante programa para las sanestebinas\u201d, afirm\u00f3 el Alcalde Ortega.<\/p>\n\n\n\n<p>Inicialmente, ser\u00e1n 60 cupos que permitir\u00e1n focalizar capacitaciones y&nbsp; apoyar a aquellas mujeres que nunca recibieron alg\u00fan soporte estatal en la comuna.<\/p>\n\n\n\n<p>\u201cLo que queremos es la autonom\u00eda econ\u00f3mica, fortaleciendo el emprendimiento, las capacitaciones y el acompa\u00f1amiento a las jefas de hogar de San Esteban. Seguimos trabajando fuertes para lograr m\u00e1s adelantos para la comuna, sobre todo en tem\u00e1ticas sociales y en pol\u00edticas que beneficien a las vecinas. Y, como lo digo siempre, s\u00edgannos ayudando en esta gesti\u00f3n, que trabajando juntos podremos seguir logrando los objetivos\u201d, puntualiz\u00f3 el jefe comunal.<\/p>\n\n\n\n<p>A trav\u00e9s de los medios oficiales y de los equipos de social del municipio, se informar\u00e1 oportunamente su entrada en vigencia y funcionamiento.<\/p>\n","protected":false},"excerpt":{"rendered":"<p>La iniciativa, del SernamEG, permitir\u00e1 promover y fortalecer la inserci\u00f3n, permanencia y desarrollo laboral de mujeres trabajadoras con responsabilidades familiares, y que tienen un rol protag\u00f3nico en el sustento econ\u00f3mico de su hogar. Con ello, se fomentar\u00e1 su autonom\u00eda econ\u00f3mica. Una hist\u00f3rica noticia anunci\u00f3 el Alcalde Christian Ortega durante la jornada de este jueves. La &hellip;<\/p>\n","protected":false},"author":2,"featured_media":706,"comment_status":"open","ping_status":"open","sticky":false,"template":"","format":"standard","meta":{"spay_email":""},"categories":[2],"tags":[8],"jetpack_featured_media_url":"https:\/\/lavozdesanesteban.cl\/wp-content\/uploads\/2022\/03\/JEFAS-DE-HOGAR.jpg","_links":{"self":[{"href":"https:\/\/lavozdesanesteban.cl\/index.php\/wp-json\/wp\/v2\/posts\/705"}],"collection":[{"href":"https:\/\/lavozdesanesteban.cl\/index.php\/wp-json\/wp\/v2\/posts"}],"about":[{"href":"https:\/\/lavozdesanesteban.cl\/index.php\/wp-json\/wp\/v2\/types\/post"}],"author":[{"embeddable":true,"href":"https:\/\/lavozdesanesteban.cl\/index.php\/wp-json\/wp\/v2\/users\/2"}],"replies":[{"embeddable":true,"href":"https:\/\/lavozdesanesteban.cl\/index.php\/wp-json\/wp\/v2\/comments?post=705"}],"version-history":[{"count":1,"href":"https:\/\/lavozdesanesteban.cl\/index.php\/wp-json\/wp\/v2\/posts\/705\/revisions"}],"predecessor-version":[{"id":707,"href":"https:\/\/lavozdesanesteban.cl\/index.php\/wp-json\/wp\/v2\/posts\/705\/revisions\/707"}],"wp:featuredmedia":[{"embeddable":true,"href":"https:\/\/lavozdesanesteban.cl\/index.php\/wp-json\/wp\/v2\/media\/706"}],"wp:attachment":[{"href":"https:\/\/lavozdesanesteban.cl\/index.php\/wp-json\/wp\/v2\/media?parent=705"}],"wp:term":[{"taxonomy":"category","embeddable":true,"href":"https:\/\/lavozdesanesteban.cl\/index.php\/wp-json\/wp\/v2\/categories?post=705"},{"taxonomy":"post_tag","embeddable":true,"href":"https:\/\/lavozdesanesteban.cl\/index.php\/wp-json\/wp\/v2\/tags?post=705"}],"curies":[{"name":"wp","href":"https:\/\/api.w.org\/{rel}","templated":true}]}}