{"id":708,"date":"2022-03-31T20:47:56","date_gmt":"2022-03-31T20:47:56","guid":{"rendered":"https:\/\/lavozdesanesteban.cl\/?p=708"},"modified":"2022-03-31T20:47:59","modified_gmt":"2022-03-31T20:47:59","slug":"dan-continuidad-a-exitoso-programa-que-ofrece-atencion-integral-a-personas-mayores-en-los-andes","status":"publish","type":"post","link":"https:\/\/lavozdesanesteban.cl\/index.php\/2022\/03\/31\/dan-continuidad-a-exitoso-programa-que-ofrece-atencion-integral-a-personas-mayores-en-los-andes\/","title":{"rendered":"Dan continuidad a exitoso programa que ofrece atenci\u00f3n integral a personas mayores en Los Andes"},"content":{"rendered":"\n<p><\/p>\n\n\n\n<p><em>Municipalidad de Los Andes, a trav\u00e9s de la Oficina de las Personas Mayores en conjunto con la Oficina de la Discapacidad, seguir\u00e1n desarrollando el programa \u201cAcerc\u00e1ndonos a las Personas Mayores\u201d, que benefici\u00f3 en 2021 a m\u00e1s de 300 personas.<\/em><\/p>\n\n\n\n<p>Don Segundo Barrera, es uno de los m\u00e1s contentos con la continuidad del programa \u201cAcerc\u00e1ndonos a las Personas Mayores\u201d, que desarrolla el municipio andino a trav\u00e9s de la Oficina de las Personas Mayores. Don Segundo cuenta emocionado, que estuvo dos a\u00f1os postrado en su casa, sin poder levantarse, en el m\u00e1s triste abandono.<\/p>\n\n\n\n<p>Sin embargo, el a\u00f1o pasado llegaron hasta su hogar este equipo de atenci\u00f3n kinesiol\u00f3gica una psic\u00f3loga y una asistente social, quienes comenzaron tratamientos y ahora, muestra sus avances que se traducen en orgullos pasos: \u201cagradezco profundamente a las kinesi\u00f3logas y cuidadoras que me hac\u00edan los ejercicios y que yo repet\u00eda. Estoy feliz por lo logrado\u201d.<\/p>\n\n\n\n<p>El a\u00f1o pasado, con el apoyo financiero de SENAMA, el municipio andino, desarroll\u00f3 el proyecto \u201cAcerc\u00e1ndonos a las Personas Mayores de Los Andes\u201d, que tiene como prop\u00f3sito reducir las barreras del entorno local que limita a las personas mayores a envejecer activamente. Es por ello, que se cre\u00f3 un programa integral de asistencia domiciliaria, que articula redes, entrega asistencia social, psicol\u00f3gica y kinesiol\u00f3gica de manera directa para promover la autonom\u00eda e independencia de las personas que forman parte de la tercera edad.<\/p>\n\n\n\n<p>El a\u00f1o pasado se beneficiaron 300 personas mayores, y este a\u00f1o se espera aumentar en un 20% la cobertura. As\u00ed lo manifest\u00f3 el encargado de la Oficina de Personas Mayores, Jos\u00e9 Luis Pozas: \u201cgracias a los buenos resultados y a la adherencia de los beneficiarios con el programa se solicit\u00f3 la continuidad del proyecto, que se enmarca en el trabajo de la Oficina de las Personas Mayores y la Red de Ciudades Amigables con las Personas Mayores, a la cual el municipio andino adhiere. Queremos instalar el concepto de ciudad amigable como una pol\u00edtica municipal y estas iniciativas van en ese sentido\u201d.<\/p>\n\n\n\n<p>Por su parte, Paulina L\u00f3pez, kinesi\u00f3loga del programa cont\u00f3 lo gratificante que es poder ser testigo y un apoyo en estos logros, como por ejemplo el de don Segundo. \u201cEs gratificante sobre todo ahora que sabemos que estaremos un a\u00f1o m\u00e1s, en apoyo a las personas que no tienen ning\u00fan tipo de red\u201d.<\/p>\n\n\n\n<p>Mientras que para el alcalde Manuel Rivera, la historia de don Segundo alienta a seguir con este programa a domicilio. \u201cEstamos muy contentos, porque nos damos cuenta en terreno de los beneficios. Situaciones que son invisibles, pero dram\u00e1ticas las estamos sacando adelante con un equipo de profesionales\u201d.<\/p>\n","protected":false},"excerpt":{"rendered":"<p>Municipalidad de Los Andes, a trav\u00e9s de la Oficina de las Personas Mayores en conjunto con la Oficina de la Discapacidad, seguir\u00e1n desarrollando el programa \u201cAcerc\u00e1ndonos a las Personas Mayores\u201d, que benefici\u00f3 en 2021 a m\u00e1s de 300 personas. Don Segundo Barrera, es uno de los m\u00e1s contentos con la continuidad del programa \u201cAcerc\u00e1ndonos a &hellip;<\/p>\n","protected":false},"author":2,"featured_media":709,"comment_status":"open","ping_status":"open","sticky":false,"template":"","format":"standard","meta":{"spay_email":""},"categories":[7],"tags":[8],"jetpack_featured_media_url":"https:\/\/lavozdesanesteban.cl\/wp-content\/uploads\/2022\/03\/MAYORES.jpeg","_links":{"self":[{"href":"https:\/\/lavozdesanesteban.cl\/index.php\/wp-json\/wp\/v2\/posts\/708"}],"collection":[{"href":"https:\/\/lavozdesanesteban.cl\/index.php\/wp-json\/wp\/v2\/posts"}],"about":[{"href":"https:\/\/lavozdesanesteban.cl\/index.php\/wp-json\/wp\/v2\/types\/post"}],"author":[{"embeddable":true,"href":"https:\/\/lavozdesanesteban.cl\/index.php\/wp-json\/wp\/v2\/users\/2"}],"replies":[{"embeddable":true,"href":"https:\/\/lavozdesanesteban.cl\/index.php\/wp-json\/wp\/v2\/comments?post=708"}],"version-history":[{"count":1,"href":"https:\/\/lavozdesanesteban.cl\/index.php\/wp-json\/wp\/v2\/posts\/708\/revisions"}],"predecessor-version":[{"id":710,"href":"https:\/\/lavozdesanesteban.cl\/index.php\/wp-json\/wp\/v2\/posts\/708\/revisions\/710"}],"wp:featuredmedia":[{"embeddable":true,"href":"https:\/\/lavozdesanesteban.cl\/index.php\/wp-json\/wp\/v2\/media\/709"}],"wp:attachment":[{"href":"https:\/\/lavozdesanesteban.cl\/index.php\/wp-json\/wp\/v2\/media?parent=708"}],"wp:term":[{"taxonomy":"category","embeddable":true,"href":"https:\/\/lavozdesanesteban.cl\/index.php\/wp-json\/wp\/v2\/categories?post=708"},{"taxonomy":"post_tag","embeddable":true,"href":"https:\/\/lavozdesanesteban.cl\/index.php\/wp-json\/wp\/v2\/tags?post=708"}],"curies":[{"name":"wp","href":"https:\/\/api.w.org\/{rel}","templated":true}]}}